{"id":6918,"date":"2025-03-24T07:43:36","date_gmt":"2025-03-24T06:43:36","guid":{"rendered":"https:\/\/www.medienfundgrube.at\/?p=6918"},"modified":"2025-03-24T07:44:53","modified_gmt":"2025-03-24T06:44:53","slug":"oeswald-app-in-den-wald","status":"publish","type":"post","link":"https:\/\/www.medienfundgrube.at\/?p=6918","title":{"rendered":"\u00d6swald &#8211; App in den Wald!"},"content":{"rendered":"\n<p><a href=\"https:\/\/www.waldtrifftschule.at\/material\/detail\/oeswald-app-in-den-wald-359\" target=\"_blank\" rel=\"noreferrer noopener\">\u00d6swald<\/a> ist eine Augmented Reality App zur Vermittlung von Wissen rund um die Bedeutung des Waldes, Biodiversit\u00e4t und Klimawandel, entwickelt vom Bundesforschungszentrum f\u00fcr Wald (BFW). <\/p>\n\n\n\n<!--more-->\n\n\n\n<p>\u00d6swald vermittelt mittels Augmented Reality vielf\u00e4ltiges Wissen rund um Themen wie z. B. Funktionen des Waldes, Biodiversit\u00e4t und Klimawandel im Kontext Wald. Zielgruppe sind Sch\u00fclerinnen und Sch\u00fcler der Sekundarstufe II. <\/p>\n\n\n\n<blockquote class=\"wp-block-quote is-layout-flow wp-block-quote-is-layout-flow\">\n<p>Augmented Reality (AR): AR oder auch &#8222;erweiterte Realiti\u00e4t&#8220; ist eine Technolgie, die digitale Inhalte wie z. B. Bilder, Texte oder Animationen in die reale Welt einf\u00fcgt, sodass sie scheinbar Teil der Umgebung werden. Mittels Apps am Smartphone oder Tablet oder mittels AR Brille werden virtuelle Elemente \u00fcber die Kameransicht gelegt.  <\/p>\n<\/blockquote>\n\n\n\n<h2 class=\"wp-block-heading\">Was wird f\u00fcr den Einsatz im Unterricht ben\u00f6tigt? <\/h2>\n\n\n\n<p>Um die App &#8222;\u00d6swald &#8211; App in den Wald&#8220; mit Sch\u00fclerinnen und Sch\u00fclern im Unterricht einsetzen zu k\u00f6nnen, wird ein ARCore unterst\u00fctztes Smartphone ben\u00f6tigt. Eine Auflistung der unterst\u00fctzten Ger\u00e4te ist unter <a href=\"https:\/\/developers.google.com\/ar\/devices?hl=de\" target=\"_blank\" rel=\"noreferrer noopener\">https:\/\/developers.google.com\/ar\/devices?hl=de<\/a> zu finden.<br>Die App ist sowohl f\u00fcr Android als auch f\u00fcr iOS in den jeweiligen Stores verf\u00fcgbar.  <\/p>\n\n\n\n<p><a href=\"https:\/\/play.google.com\/store\/apps\/details?id=com.BFW.Oeswald&amp;pli=1\" target=\"_blank\" rel=\"noreferrer noopener\">Download App f\u00fcr Android<\/a><br><a href=\"https:\/\/apps.apple.com\/us\/app\/%C3%B6swald-app-in-den-wald\/id6497334431\" target=\"_blank\" rel=\"noreferrer noopener\">Download App f\u00fcr iOS<\/a><\/p>\n\n\n\n<h2 class=\"wp-block-heading\">Aufbau der App und Einblicke<\/h2>\n\n\n\n<p>Die App ist in drei gro\u00dfe Themenbereiche unterteilt (\u00d6swald, \u00d6swald und die Vielfalt und \u00d6swald und der Klimawandel) und unterst\u00fctzt bei der Vermittlung von Wissen rund um das Thema Wald und Bildung f\u00fcr nachhaltige Entwicklung (BNE). <\/p>\n\n\n\n<p>Da &#8222;\u00d6swald &#8211; App in den Wald&#8220; bildbasierte AR Elemente nutzt, wird zum Laden der AR Inhalte immer wieder das Referenzbild ben\u00f6tigt, welches unter <a href=\"https:\/\/www.waldtrifftschule.at\/fileadmin\/root_waldtrifftschule\/Material\/Unterlagen_PDFs\/OESWALD_Referenzbild.pdf\" target=\"_blank\" rel=\"noreferrer noopener\">https:\/\/www.waldtrifftschule.at\/fileadmin\/root_waldtrifftschule\/Material\/Unterlagen_PDFs\/OESWALD_Referenzbild.pdf<\/a> zum Download bereitsteht. Nachdem die App das Bild erkannt hat, werden die dahinter liegenden interaktiven Inhalte geladen und die Sch\u00fclerinnen und Sch\u00fcler k\u00f6nnen die einzelnen Module in der App ansteuern. <\/p>\n\n\n<div class=\"wp-block-image is-style-default\">\n<figure class=\"aligncenter size-large is-resized\"><img loading=\"lazy\" decoding=\"async\" width=\"473\" height=\"1024\" src=\"https:\/\/www.medienfundgrube.at\/wp-content\/uploads\/2025\/03\/IMG_9866-473x1024.png\" alt=\"Referenzbild zum Laden der Inhalte wird in der App \u00d6swald mit dem Smartphone gescannt; \u00d6sterreichkarte mit markierten Punkten f\u00fcr die interaktiven Elemente wird angezeigt\" class=\"wp-image-6920\" style=\"width:250px\" srcset=\"https:\/\/www.medienfundgrube.at\/wp-content\/uploads\/2025\/03\/IMG_9866-473x1024.png 473w, https:\/\/www.medienfundgrube.at\/wp-content\/uploads\/2025\/03\/IMG_9866-139x300.png 139w, https:\/\/www.medienfundgrube.at\/wp-content\/uploads\/2025\/03\/IMG_9866-768x1662.png 768w, https:\/\/www.medienfundgrube.at\/wp-content\/uploads\/2025\/03\/IMG_9866-710x1536.png 710w, https:\/\/www.medienfundgrube.at\/wp-content\/uploads\/2025\/03\/IMG_9866.png 828w\" sizes=\"auto, (max-width: 473px) 100vw, 473px\" \/><figcaption class=\"wp-element-caption\">\u00d6swald &#8211; Scannen des Referenzbildes in der App <\/figcaption><\/figure>\n<\/div>\n\n\n<p>Nach Scannen des Referenzbildes werden die interaktiven Inhalte geladen. Diese sind auf einer \u00d6sterreichkarte in Form von Markierungen sichtbar. Nach \u00d6ffnen der jeweiligen Markierungen durch doppeltes Tippen wird mit Texten und Bildern kompakt Wissen zum jeweiligen Thema des Moduls vermittelt. Anschlie\u00dfend folgt ein kurzer Wissenscheck in Form eines interaktiven Quizzes.<\/p>\n\n\n<div class=\"wp-block-image\">\n<figure class=\"aligncenter size-large is-resized\"><img loading=\"lazy\" decoding=\"async\" width=\"473\" height=\"1024\" src=\"https:\/\/www.medienfundgrube.at\/wp-content\/uploads\/2025\/03\/IMG_9868-473x1024.png\" alt=\"Bild aus der App mit \u00d6sterreichkarte und einer Quizfrage &quot;Wie viel Prozent der \u00f6sterreichischen Staatsfl\u00e4che sind mit Wald bedeckt?&quot;; Antwortm\u00f6glichkeiten unten mittels Schieberegler\" class=\"wp-image-6921\" style=\"width:250px\" srcset=\"https:\/\/www.medienfundgrube.at\/wp-content\/uploads\/2025\/03\/IMG_9868-473x1024.png 473w, https:\/\/www.medienfundgrube.at\/wp-content\/uploads\/2025\/03\/IMG_9868-139x300.png 139w, https:\/\/www.medienfundgrube.at\/wp-content\/uploads\/2025\/03\/IMG_9868-768x1662.png 768w, https:\/\/www.medienfundgrube.at\/wp-content\/uploads\/2025\/03\/IMG_9868-710x1536.png 710w, https:\/\/www.medienfundgrube.at\/wp-content\/uploads\/2025\/03\/IMG_9868.png 828w\" sizes=\"auto, (max-width: 473px) 100vw, 473px\" \/><figcaption class=\"wp-element-caption\">\u00d6swald &#8211; Wissenscheck mittels Quiz am Ende jedes Kapitels<\/figcaption><\/figure>\n<\/div>\n\n\n<p>Zwischendurch werden immer wieder kurze interessante Wissensh\u00e4ppchen rund um das Thema Wald und dessen &#8222;Bewohner&#8220; eingeblendet. <\/p>\n\n\n<div class=\"wp-block-image\">\n<figure class=\"aligncenter size-large is-resized\"><img loading=\"lazy\" decoding=\"async\" width=\"473\" height=\"1024\" src=\"https:\/\/www.medienfundgrube.at\/wp-content\/uploads\/2025\/03\/IMG_9869-473x1024.png\" alt=\"Screenshot einer App-Ansicht mit Wissensh\u00e4ppchen rund um das Thema Wald; dargestelltes Beispiel: Flederm\u00e4use sind die einzigen S\u00e4ugetiere in \u00d6sterreich, die fliegen k\u00f6nnen. \" class=\"wp-image-6923\" style=\"width:250px\" srcset=\"https:\/\/www.medienfundgrube.at\/wp-content\/uploads\/2025\/03\/IMG_9869-473x1024.png 473w, https:\/\/www.medienfundgrube.at\/wp-content\/uploads\/2025\/03\/IMG_9869-139x300.png 139w, https:\/\/www.medienfundgrube.at\/wp-content\/uploads\/2025\/03\/IMG_9869-768x1662.png 768w, https:\/\/www.medienfundgrube.at\/wp-content\/uploads\/2025\/03\/IMG_9869-710x1536.png 710w, https:\/\/www.medienfundgrube.at\/wp-content\/uploads\/2025\/03\/IMG_9869.png 828w\" sizes=\"auto, (max-width: 473px) 100vw, 473px\" \/><figcaption class=\"wp-element-caption\">\u00d6swald &#8211; kleine &#8222;Wissensh\u00e4ppchen&#8220; zwischendurch<\/figcaption><\/figure>\n<\/div>\n\n\n<h2 class=\"wp-block-heading\">Begleitmaterialien f\u00fcr Lehrpersonen<\/h2>\n\n\n\n<p>Begleitend zur App wird ein Materialienpaket f\u00fcr Lehrpersonen bereitgestellt, das weitere Ideen f\u00fcr die Unterrichtsgestaltung und umfangreiche Informationen zur App liefert.  <\/p>\n\n\n\n<p><a href=\"https:\/\/www.waldtrifftschule.at\/fileadmin\/root_waldtrifftschule\/Material\/Unterlagen_PDFs\/Lernunterlage_OESWALD_final.pdf\" target=\"_blank\" rel=\"noreferrer noopener\">Download Begleitmaterialien f\u00fcr Lehrpersonen<\/a><\/p>\n\n\n\n<p class=\"has-sitebg-color has-accent-1-background-color has-text-color has-background has-link-color wp-elements-22e09eae40502a71bab666def4950a4b\">\u00d6swald &#8211; App in den Wald!<br>+ kostenlose App <br>+ umfangreiche Begleitmaterialien <br>&#8211; Smartphone (u.a. mit Bewegungssensor) erforderlich, um Funktionsumfang nutzen zu k\u00f6nnen <\/p>\n\n\n\n<p><\/p>\n","protected":false},"excerpt":{"rendered":"<p>\u00d6swald ist eine Augmented Reality App zur Vermittlung von Wissen rund um die Bedeutung des Waldes, Biodiversit\u00e4t und Klimawandel, entwickelt vom Bundesforschungszentrum f\u00fcr Wald (BFW).<\/p>\n","protected":false},"author":8,"featured_media":6925,"comment_status":"open","ping_status":"open","sticky":false,"template":"","format":"standard","meta":{"footnotes":""},"categories":[86,20,206,3,4,331,180],"tags":[210,211,365,366,128],"class_list":["post-6918","post","type-post","status-publish","format-standard","has-post-thumbnail","hentry","category-app","category-biologie","category-faecheruebergreifend","category-geografie","category-interaktiv","category-mint","category-umwelt-und-nachhaltigkeit","tag-ar","tag-augmented-reality","tag-bildung-fuer-nachhaltige-entwicklung","tag-bne","tag-interaktiv"],"yoast_head":"<!-- This site is optimized with the Yoast SEO plugin v26.9 - https:\/\/yoast.com\/product\/yoast-seo-wordpress\/ -->\n<title>\u00d6swald - App in den Wald! - Medienfundgrube<\/title>\n<meta name=\"robots\" content=\"index, follow, max-snippet:-1, max-image-preview:large, max-video-preview:-1\" \/>\n<link rel=\"canonical\" href=\"https:\/\/www.medienfundgrube.at\/?p=6918\" \/>\n<meta property=\"og:locale\" content=\"de_DE\" \/>\n<meta property=\"og:type\" content=\"article\" \/>\n<meta property=\"og:title\" content=\"\u00d6swald - App in den Wald! - Medienfundgrube\" \/>\n<meta property=\"og:description\" content=\"\u00d6swald ist eine Augmented Reality App zur Vermittlung von Wissen rund um die Bedeutung des Waldes, Biodiversit\u00e4t und Klimawandel, entwickelt vom Bundesforschungszentrum f\u00fcr Wald (BFW).\" \/>\n<meta property=\"og:url\" content=\"https:\/\/www.medienfundgrube.at\/?p=6918\" \/>\n<meta property=\"og:site_name\" content=\"Medienfundgrube\" \/>\n<meta property=\"article:published_time\" content=\"2025-03-24T06:43:36+00:00\" \/>\n<meta property=\"article:modified_time\" content=\"2025-03-24T06:44:53+00:00\" \/>\n<meta property=\"og:image\" content=\"https:\/\/www.medienfundgrube.at\/wp-content\/uploads\/2025\/03\/Bildschirmfoto-2025-03-23-um-19.15.30-1.png\" \/>\n\t<meta property=\"og:image:width\" content=\"419\" \/>\n\t<meta property=\"og:image:height\" content=\"220\" \/>\n\t<meta property=\"og:image:type\" content=\"image\/png\" \/>\n<meta name=\"author\" content=\"Julia Prohaska\" \/>\n<meta name=\"twitter:card\" content=\"summary_large_image\" \/>\n<meta name=\"twitter:label1\" content=\"Verfasst von\" \/>\n\t<meta name=\"twitter:data1\" content=\"Julia Prohaska\" \/>\n\t<meta name=\"twitter:label2\" content=\"Gesch\u00e4tzte Lesezeit\" \/>\n\t<meta name=\"twitter:data2\" content=\"3\u00a0Minuten\" \/>\n<script type=\"application\/ld+json\" class=\"yoast-schema-graph\">{\"@context\":\"https:\/\/schema.org\",\"@graph\":[{\"@type\":\"Article\",\"@id\":\"https:\/\/www.medienfundgrube.at\/?p=6918#article\",\"isPartOf\":{\"@id\":\"https:\/\/www.medienfundgrube.at\/?p=6918\"},\"author\":{\"name\":\"Julia Prohaska\",\"@id\":\"https:\/\/www.medienfundgrube.at\/#\/schema\/person\/eb500d35d4f2b397c45765c585185554\"},\"headline\":\"\u00d6swald &#8211; App in den Wald!\",\"datePublished\":\"2025-03-24T06:43:36+00:00\",\"dateModified\":\"2025-03-24T06:44:53+00:00\",\"mainEntityOfPage\":{\"@id\":\"https:\/\/www.medienfundgrube.at\/?p=6918\"},\"wordCount\":466,\"commentCount\":0,\"publisher\":{\"@id\":\"https:\/\/www.medienfundgrube.at\/#organization\"},\"image\":{\"@id\":\"https:\/\/www.medienfundgrube.at\/?p=6918#primaryimage\"},\"thumbnailUrl\":\"https:\/\/www.medienfundgrube.at\/wp-content\/uploads\/2025\/03\/Bildschirmfoto-2025-03-23-um-19.15.30-1.png\",\"keywords\":[\"AR\",\"Augmented Reality\",\"Bildung f\u00fcr nachhaltige Entwicklung\",\"BNE\",\"interaktiv\"],\"articleSection\":[\"App\",\"Biologie\",\"F\u00e4cher\u00fcbergreifend\",\"Geografie\",\"Interaktiv\",\"MINT\",\"Umwelt und Nachhaltigkeit\"],\"inLanguage\":\"de\",\"potentialAction\":[{\"@type\":\"CommentAction\",\"name\":\"Comment\",\"target\":[\"https:\/\/www.medienfundgrube.at\/?p=6918#respond\"]}]},{\"@type\":\"WebPage\",\"@id\":\"https:\/\/www.medienfundgrube.at\/?p=6918\",\"url\":\"https:\/\/www.medienfundgrube.at\/?p=6918\",\"name\":\"\u00d6swald - App in den Wald! - Medienfundgrube\",\"isPartOf\":{\"@id\":\"https:\/\/www.medienfundgrube.at\/#website\"},\"primaryImageOfPage\":{\"@id\":\"https:\/\/www.medienfundgrube.at\/?p=6918#primaryimage\"},\"image\":{\"@id\":\"https:\/\/www.medienfundgrube.at\/?p=6918#primaryimage\"},\"thumbnailUrl\":\"https:\/\/www.medienfundgrube.at\/wp-content\/uploads\/2025\/03\/Bildschirmfoto-2025-03-23-um-19.15.30-1.png\",\"datePublished\":\"2025-03-24T06:43:36+00:00\",\"dateModified\":\"2025-03-24T06:44:53+00:00\",\"breadcrumb\":{\"@id\":\"https:\/\/www.medienfundgrube.at\/?p=6918#breadcrumb\"},\"inLanguage\":\"de\",\"potentialAction\":[{\"@type\":\"ReadAction\",\"target\":[\"https:\/\/www.medienfundgrube.at\/?p=6918\"]}]},{\"@type\":\"ImageObject\",\"inLanguage\":\"de\",\"@id\":\"https:\/\/www.medienfundgrube.at\/?p=6918#primaryimage\",\"url\":\"https:\/\/www.medienfundgrube.at\/wp-content\/uploads\/2025\/03\/Bildschirmfoto-2025-03-23-um-19.15.30-1.png\",\"contentUrl\":\"https:\/\/www.medienfundgrube.at\/wp-content\/uploads\/2025\/03\/Bildschirmfoto-2025-03-23-um-19.15.30-1.png\",\"width\":419,\"height\":220,\"caption\":\"Beitragsbild \u00d6swald - App in den Wald!\"},{\"@type\":\"BreadcrumbList\",\"@id\":\"https:\/\/www.medienfundgrube.at\/?p=6918#breadcrumb\",\"itemListElement\":[{\"@type\":\"ListItem\",\"position\":1,\"name\":\"Startseite\",\"item\":\"https:\/\/www.medienfundgrube.at\/\"},{\"@type\":\"ListItem\",\"position\":2,\"name\":\"\u00d6swald &#8211; App in den Wald!\"}]},{\"@type\":\"WebSite\",\"@id\":\"https:\/\/www.medienfundgrube.at\/#website\",\"url\":\"https:\/\/www.medienfundgrube.at\/\",\"name\":\"Medienfundgrube\",\"description\":\"Webtools und Linktipps - nicht nur f\u00fcr Lehrer*innen\",\"publisher\":{\"@id\":\"https:\/\/www.medienfundgrube.at\/#organization\"},\"potentialAction\":[{\"@type\":\"SearchAction\",\"target\":{\"@type\":\"EntryPoint\",\"urlTemplate\":\"https:\/\/www.medienfundgrube.at\/?s={search_term_string}\"},\"query-input\":{\"@type\":\"PropertyValueSpecification\",\"valueRequired\":true,\"valueName\":\"search_term_string\"}}],\"inLanguage\":\"de\"},{\"@type\":\"Organization\",\"@id\":\"https:\/\/www.medienfundgrube.at\/#organization\",\"name\":\"Medienfundgrube\",\"url\":\"https:\/\/www.medienfundgrube.at\/\",\"logo\":{\"@type\":\"ImageObject\",\"inLanguage\":\"de\",\"@id\":\"https:\/\/www.medienfundgrube.at\/#\/schema\/logo\/image\/\",\"url\":\"https:\/\/www.medienfundgrube.at\/wp-content\/uploads\/2019\/10\/mefugr-farbe11-1.jpg\",\"contentUrl\":\"https:\/\/www.medienfundgrube.at\/wp-content\/uploads\/2019\/10\/mefugr-farbe11-1.jpg\",\"width\":200,\"height\":200,\"caption\":\"Medienfundgrube\"},\"image\":{\"@id\":\"https:\/\/www.medienfundgrube.at\/#\/schema\/logo\/image\/\"}},{\"@type\":\"Person\",\"@id\":\"https:\/\/www.medienfundgrube.at\/#\/schema\/person\/eb500d35d4f2b397c45765c585185554\",\"name\":\"Julia Prohaska\",\"image\":{\"@type\":\"ImageObject\",\"inLanguage\":\"de\",\"@id\":\"https:\/\/www.medienfundgrube.at\/#\/schema\/person\/image\/\",\"url\":\"https:\/\/secure.gravatar.com\/avatar\/be0946c7f5c11699635dec7dedb26bae3cbcb7b8d50cdfd13715e3c57d35dead?s=96&d=mm&r=g\",\"contentUrl\":\"https:\/\/secure.gravatar.com\/avatar\/be0946c7f5c11699635dec7dedb26bae3cbcb7b8d50cdfd13715e3c57d35dead?s=96&d=mm&r=g\",\"caption\":\"Julia Prohaska\"},\"description\":\"Julia Prohaska ist Lehrerin an der Privaten Mittelschule Zwettl und Online Tutorin (u.a. an der Virtuellen PH). Sie besch\u00e4ftigt sich mit digitalen Medien und deren Einsatz im t\u00e4glichen Unterrichtsgeschehen.\",\"url\":\"https:\/\/www.medienfundgrube.at\/?author=8\"}]}<\/script>\n<!-- \/ Yoast SEO plugin. -->","yoast_head_json":{"title":"\u00d6swald - App in den Wald! - Medienfundgrube","robots":{"index":"index","follow":"follow","max-snippet":"max-snippet:-1","max-image-preview":"max-image-preview:large","max-video-preview":"max-video-preview:-1"},"canonical":"https:\/\/www.medienfundgrube.at\/?p=6918","og_locale":"de_DE","og_type":"article","og_title":"\u00d6swald - App in den Wald! - Medienfundgrube","og_description":"\u00d6swald ist eine Augmented Reality App zur Vermittlung von Wissen rund um die Bedeutung des Waldes, Biodiversit\u00e4t und Klimawandel, entwickelt vom Bundesforschungszentrum f\u00fcr Wald (BFW).","og_url":"https:\/\/www.medienfundgrube.at\/?p=6918","og_site_name":"Medienfundgrube","article_published_time":"2025-03-24T06:43:36+00:00","article_modified_time":"2025-03-24T06:44:53+00:00","og_image":[{"width":419,"height":220,"url":"https:\/\/www.medienfundgrube.at\/wp-content\/uploads\/2025\/03\/Bildschirmfoto-2025-03-23-um-19.15.30-1.png","type":"image\/png"}],"author":"Julia Prohaska","twitter_card":"summary_large_image","twitter_misc":{"Verfasst von":"Julia Prohaska","Gesch\u00e4tzte Lesezeit":"3\u00a0Minuten"},"schema":{"@context":"https:\/\/schema.org","@graph":[{"@type":"Article","@id":"https:\/\/www.medienfundgrube.at\/?p=6918#article","isPartOf":{"@id":"https:\/\/www.medienfundgrube.at\/?p=6918"},"author":{"name":"Julia Prohaska","@id":"https:\/\/www.medienfundgrube.at\/#\/schema\/person\/eb500d35d4f2b397c45765c585185554"},"headline":"\u00d6swald &#8211; App in den Wald!","datePublished":"2025-03-24T06:43:36+00:00","dateModified":"2025-03-24T06:44:53+00:00","mainEntityOfPage":{"@id":"https:\/\/www.medienfundgrube.at\/?p=6918"},"wordCount":466,"commentCount":0,"publisher":{"@id":"https:\/\/www.medienfundgrube.at\/#organization"},"image":{"@id":"https:\/\/www.medienfundgrube.at\/?p=6918#primaryimage"},"thumbnailUrl":"https:\/\/www.medienfundgrube.at\/wp-content\/uploads\/2025\/03\/Bildschirmfoto-2025-03-23-um-19.15.30-1.png","keywords":["AR","Augmented Reality","Bildung f\u00fcr nachhaltige Entwicklung","BNE","interaktiv"],"articleSection":["App","Biologie","F\u00e4cher\u00fcbergreifend","Geografie","Interaktiv","MINT","Umwelt und Nachhaltigkeit"],"inLanguage":"de","potentialAction":[{"@type":"CommentAction","name":"Comment","target":["https:\/\/www.medienfundgrube.at\/?p=6918#respond"]}]},{"@type":"WebPage","@id":"https:\/\/www.medienfundgrube.at\/?p=6918","url":"https:\/\/www.medienfundgrube.at\/?p=6918","name":"\u00d6swald - App in den Wald! - Medienfundgrube","isPartOf":{"@id":"https:\/\/www.medienfundgrube.at\/#website"},"primaryImageOfPage":{"@id":"https:\/\/www.medienfundgrube.at\/?p=6918#primaryimage"},"image":{"@id":"https:\/\/www.medienfundgrube.at\/?p=6918#primaryimage"},"thumbnailUrl":"https:\/\/www.medienfundgrube.at\/wp-content\/uploads\/2025\/03\/Bildschirmfoto-2025-03-23-um-19.15.30-1.png","datePublished":"2025-03-24T06:43:36+00:00","dateModified":"2025-03-24T06:44:53+00:00","breadcrumb":{"@id":"https:\/\/www.medienfundgrube.at\/?p=6918#breadcrumb"},"inLanguage":"de","potentialAction":[{"@type":"ReadAction","target":["https:\/\/www.medienfundgrube.at\/?p=6918"]}]},{"@type":"ImageObject","inLanguage":"de","@id":"https:\/\/www.medienfundgrube.at\/?p=6918#primaryimage","url":"https:\/\/www.medienfundgrube.at\/wp-content\/uploads\/2025\/03\/Bildschirmfoto-2025-03-23-um-19.15.30-1.png","contentUrl":"https:\/\/www.medienfundgrube.at\/wp-content\/uploads\/2025\/03\/Bildschirmfoto-2025-03-23-um-19.15.30-1.png","width":419,"height":220,"caption":"Beitragsbild \u00d6swald - App in den Wald!"},{"@type":"BreadcrumbList","@id":"https:\/\/www.medienfundgrube.at\/?p=6918#breadcrumb","itemListElement":[{"@type":"ListItem","position":1,"name":"Startseite","item":"https:\/\/www.medienfundgrube.at\/"},{"@type":"ListItem","position":2,"name":"\u00d6swald &#8211; App in den Wald!"}]},{"@type":"WebSite","@id":"https:\/\/www.medienfundgrube.at\/#website","url":"https:\/\/www.medienfundgrube.at\/","name":"Medienfundgrube","description":"Webtools und Linktipps - nicht nur f\u00fcr Lehrer*innen","publisher":{"@id":"https:\/\/www.medienfundgrube.at\/#organization"},"potentialAction":[{"@type":"SearchAction","target":{"@type":"EntryPoint","urlTemplate":"https:\/\/www.medienfundgrube.at\/?s={search_term_string}"},"query-input":{"@type":"PropertyValueSpecification","valueRequired":true,"valueName":"search_term_string"}}],"inLanguage":"de"},{"@type":"Organization","@id":"https:\/\/www.medienfundgrube.at\/#organization","name":"Medienfundgrube","url":"https:\/\/www.medienfundgrube.at\/","logo":{"@type":"ImageObject","inLanguage":"de","@id":"https:\/\/www.medienfundgrube.at\/#\/schema\/logo\/image\/","url":"https:\/\/www.medienfundgrube.at\/wp-content\/uploads\/2019\/10\/mefugr-farbe11-1.jpg","contentUrl":"https:\/\/www.medienfundgrube.at\/wp-content\/uploads\/2019\/10\/mefugr-farbe11-1.jpg","width":200,"height":200,"caption":"Medienfundgrube"},"image":{"@id":"https:\/\/www.medienfundgrube.at\/#\/schema\/logo\/image\/"}},{"@type":"Person","@id":"https:\/\/www.medienfundgrube.at\/#\/schema\/person\/eb500d35d4f2b397c45765c585185554","name":"Julia Prohaska","image":{"@type":"ImageObject","inLanguage":"de","@id":"https:\/\/www.medienfundgrube.at\/#\/schema\/person\/image\/","url":"https:\/\/secure.gravatar.com\/avatar\/be0946c7f5c11699635dec7dedb26bae3cbcb7b8d50cdfd13715e3c57d35dead?s=96&d=mm&r=g","contentUrl":"https:\/\/secure.gravatar.com\/avatar\/be0946c7f5c11699635dec7dedb26bae3cbcb7b8d50cdfd13715e3c57d35dead?s=96&d=mm&r=g","caption":"Julia Prohaska"},"description":"Julia Prohaska ist Lehrerin an der Privaten Mittelschule Zwettl und Online Tutorin (u.a. an der Virtuellen PH). Sie besch\u00e4ftigt sich mit digitalen Medien und deren Einsatz im t\u00e4glichen Unterrichtsgeschehen.","url":"https:\/\/www.medienfundgrube.at\/?author=8"}]}},"_links":{"self":[{"href":"https:\/\/www.medienfundgrube.at\/index.php?rest_route=\/wp\/v2\/posts\/6918","targetHints":{"allow":["GET"]}}],"collection":[{"href":"https:\/\/www.medienfundgrube.at\/index.php?rest_route=\/wp\/v2\/posts"}],"about":[{"href":"https:\/\/www.medienfundgrube.at\/index.php?rest_route=\/wp\/v2\/types\/post"}],"author":[{"embeddable":true,"href":"https:\/\/www.medienfundgrube.at\/index.php?rest_route=\/wp\/v2\/users\/8"}],"replies":[{"embeddable":true,"href":"https:\/\/www.medienfundgrube.at\/index.php?rest_route=%2Fwp%2Fv2%2Fcomments&post=6918"}],"version-history":[{"count":6,"href":"https:\/\/www.medienfundgrube.at\/index.php?rest_route=\/wp\/v2\/posts\/6918\/revisions"}],"predecessor-version":[{"id":6930,"href":"https:\/\/www.medienfundgrube.at\/index.php?rest_route=\/wp\/v2\/posts\/6918\/revisions\/6930"}],"wp:featuredmedia":[{"embeddable":true,"href":"https:\/\/www.medienfundgrube.at\/index.php?rest_route=\/wp\/v2\/media\/6925"}],"wp:attachment":[{"href":"https:\/\/www.medienfundgrube.at\/index.php?rest_route=%2Fwp%2Fv2%2Fmedia&parent=6918"}],"wp:term":[{"taxonomy":"category","embeddable":true,"href":"https:\/\/www.medienfundgrube.at\/index.php?rest_route=%2Fwp%2Fv2%2Fcategories&post=6918"},{"taxonomy":"post_tag","embeddable":true,"href":"https:\/\/www.medienfundgrube.at\/index.php?rest_route=%2Fwp%2Fv2%2Ftags&post=6918"}],"curies":[{"name":"wp","href":"https:\/\/api.w.org\/{rel}","templated":true}]}}