{"id":6717,"date":"2024-10-29T09:42:48","date_gmt":"2024-10-29T08:42:48","guid":{"rendered":"https:\/\/www.medienfundgrube.at\/?p=6717"},"modified":"2024-10-29T09:42:49","modified_gmt":"2024-10-29T08:42:49","slug":"der-sonnenverlauf","status":"publish","type":"post","link":"https:\/\/www.medienfundgrube.at\/?p=6717","title":{"rendered":"Der Sonnenverlauf"},"content":{"rendered":"\n<p>Auf der Homepage von <a href=\"https:\/\/www.sonnenverlauf.de\">sonnenverlauf.de<\/a> kann man sich den Sonnenverlauf an verschiedenen Orten \u00fcber das Jahr hinweg anzeigen lassen. Sonnenaufgang, -untergang und Tagesdauer werden berechnet, ebenso wie D\u00e4mmerungszeiten, Schattenh\u00f6he und vieles mehr.<\/p>\n\n\n\n<!--more-->\n\n\n\n<p><\/p>\n\n\n\n<p>Nach Aufruf der Seite <a href=\"https:\/\/www.sonnenverlauf.de\" target=\"_blank\" rel=\"noreferrer noopener\">https:\/\/www.sonnenverlauf.de<\/a> kann direkt nach einem Ort gesucht werden (links oben) oder man kann auch die Karte (rechts) verwenden, um einen Standort auszuw\u00e4hlen.<\/p>\n\n\n\n<p><strong>Suche nach Ort:<\/strong> Geben Sie den Namen des Ortes in die Suchleiste ein und w\u00e4hlen Sie den gew\u00fcnschten Ort aus den Vorschl\u00e4gen aus.<br><strong>Karte verwenden:<\/strong> Zoomen Sie auf der Karte heran oder heraus und klicken Sie auf den gew\u00fcnschten Standort.<\/p>\n\n\n\n<p><\/p>\n\n\n\n<p>Nachdem ein Standort ausgew\u00e4hlt wurde, wird der Sonnenverlauf f\u00fcr diesen Ort angezeigt. Man sieht die Informationen zu Sonnenaufgang, Sonnenuntergang, D\u00e4mmerungszeiten und die aktuelle Position der Sonne. Man kann auch die Schattenh\u00f6he f\u00fcr ein Objekt mit einer bestimmten H\u00f6he berechnen lassen.<\/p>\n\n\n\n<p><\/p>\n\n\n\n<p><\/p>\n\n\n\n<figure class=\"wp-block-image size-large\"><img loading=\"lazy\" decoding=\"async\" width=\"1024\" height=\"499\" src=\"https:\/\/www.medienfundgrube.at\/wp-content\/uploads\/2024\/10\/1-1024x499.png\" alt=\"\" class=\"wp-image-6723\" srcset=\"https:\/\/www.medienfundgrube.at\/wp-content\/uploads\/2024\/10\/1-1024x499.png 1024w, https:\/\/www.medienfundgrube.at\/wp-content\/uploads\/2024\/10\/1-300x146.png 300w, https:\/\/www.medienfundgrube.at\/wp-content\/uploads\/2024\/10\/1-768x374.png 768w, https:\/\/www.medienfundgrube.at\/wp-content\/uploads\/2024\/10\/1-449x219.png 449w, https:\/\/www.medienfundgrube.at\/wp-content\/uploads\/2024\/10\/1.png 1451w\" sizes=\"auto, (max-width: 1024px) 100vw, 1024px\" \/><figcaption class=\"wp-element-caption\">Greenwich, 21.10.<\/figcaption><\/figure>\n\n\n\n<h2 class=\"wp-block-heading\"><strong>Sonnenstand<\/strong><\/h2>\n\n\n\n<p>Auf der Karte ist der aktuelle Sonnenstand ersichtlich, sowie der Punkt des Sonnenauf- bzw. -untergangs an dem gew\u00e4hlten Tag.<\/p>\n\n\n\n<figure class=\"wp-block-image size-large\"><img loading=\"lazy\" decoding=\"async\" width=\"470\" height=\"407\" src=\"https:\/\/www.medienfundgrube.at\/wp-content\/uploads\/2024\/10\/2.png\" alt=\"\" class=\"wp-image-6724\" srcset=\"https:\/\/www.medienfundgrube.at\/wp-content\/uploads\/2024\/10\/2.png 470w, https:\/\/www.medienfundgrube.at\/wp-content\/uploads\/2024\/10\/2-300x260.png 300w, https:\/\/www.medienfundgrube.at\/wp-content\/uploads\/2024\/10\/2-346x300.png 346w\" sizes=\"auto, (max-width: 470px) 100vw, 470px\" \/><\/figure>\n\n\n\n<h2 class=\"wp-block-heading\">Zeitleiste<\/h2>\n\n\n\n<p>Mit der Zeitleiste im oberen Bereich kann der Verlauf der Sonne \u00fcber den Tag hinweg simuliert werden.<\/p>\n\n\n\n<figure class=\"wp-block-image size-large\"><img loading=\"lazy\" decoding=\"async\" width=\"1024\" height=\"55\" src=\"https:\/\/www.medienfundgrube.at\/wp-content\/uploads\/2024\/10\/9-1024x55.png\" alt=\"\" class=\"wp-image-6721\" srcset=\"https:\/\/www.medienfundgrube.at\/wp-content\/uploads\/2024\/10\/9-1024x55.png 1024w, https:\/\/www.medienfundgrube.at\/wp-content\/uploads\/2024\/10\/9-300x16.png 300w, https:\/\/www.medienfundgrube.at\/wp-content\/uploads\/2024\/10\/9-768x41.png 768w, https:\/\/www.medienfundgrube.at\/wp-content\/uploads\/2024\/10\/9-449x24.png 449w, https:\/\/www.medienfundgrube.at\/wp-content\/uploads\/2024\/10\/9.png 1084w\" sizes=\"auto, (max-width: 1024px) 100vw, 1024px\" \/><\/figure>\n\n\n\n<h2 class=\"wp-block-heading\">Der Sonnenverlauf im Lauf eines Jahres<\/h2>\n\n\n\n<p><strong>Datum \u00e4ndern:<\/strong> Sie k\u00f6nnen das Datum \u00e4ndern, um den Sonnenverlauf f\u00fcr einen bestimmten Tag zu sehen.<br><strong>Zeitzone:<\/strong> Die Zeitzone wird automatisch angepasst, basierend auf dem ausgew\u00e4hlten Standort.<br><strong>Karte anpassen:<\/strong> Sie k\u00f6nnen die Karte anpassen, um verschiedene Ansichten wie Satellitenbilder oder Stra\u00dfenkarten zu sehen.<\/p>\n\n\n\n<figure class=\"wp-block-image size-large\"><img loading=\"lazy\" decoding=\"async\" width=\"931\" height=\"718\" src=\"https:\/\/www.medienfundgrube.at\/wp-content\/uploads\/2024\/10\/3.png\" alt=\"\" class=\"wp-image-6722\" srcset=\"https:\/\/www.medienfundgrube.at\/wp-content\/uploads\/2024\/10\/3.png 931w, https:\/\/www.medienfundgrube.at\/wp-content\/uploads\/2024\/10\/3-300x231.png 300w, https:\/\/www.medienfundgrube.at\/wp-content\/uploads\/2024\/10\/3-768x592.png 768w, https:\/\/www.medienfundgrube.at\/wp-content\/uploads\/2024\/10\/3-389x300.png 389w\" sizes=\"auto, (max-width: 931px) 100vw, 931px\" \/><figcaption class=\"wp-element-caption\">Wien, 24. Oktober<\/figcaption><\/figure>\n\n\n\n<figure class=\"wp-block-image size-large is-resized\"><img loading=\"lazy\" decoding=\"async\" width=\"903\" height=\"700\" src=\"https:\/\/www.medienfundgrube.at\/wp-content\/uploads\/2024\/10\/4.png\" alt=\"\" class=\"wp-image-6725\" style=\"width:980px;height:auto\" srcset=\"https:\/\/www.medienfundgrube.at\/wp-content\/uploads\/2024\/10\/4.png 903w, https:\/\/www.medienfundgrube.at\/wp-content\/uploads\/2024\/10\/4-300x233.png 300w, https:\/\/www.medienfundgrube.at\/wp-content\/uploads\/2024\/10\/4-768x595.png 768w, https:\/\/www.medienfundgrube.at\/wp-content\/uploads\/2024\/10\/4-387x300.png 387w\" sizes=\"auto, (max-width: 903px) 100vw, 903px\" \/><figcaption class=\"wp-element-caption\">Wien, 21. Dezember<\/figcaption><\/figure>\n\n\n\n<figure class=\"wp-block-image size-large\"><img loading=\"lazy\" decoding=\"async\" width=\"908\" height=\"715\" src=\"https:\/\/www.medienfundgrube.at\/wp-content\/uploads\/2024\/10\/5.png\" alt=\"\" class=\"wp-image-6726\" srcset=\"https:\/\/www.medienfundgrube.at\/wp-content\/uploads\/2024\/10\/5.png 908w, https:\/\/www.medienfundgrube.at\/wp-content\/uploads\/2024\/10\/5-300x236.png 300w, https:\/\/www.medienfundgrube.at\/wp-content\/uploads\/2024\/10\/5-768x605.png 768w, https:\/\/www.medienfundgrube.at\/wp-content\/uploads\/2024\/10\/5-381x300.png 381w\" sizes=\"auto, (max-width: 908px) 100vw, 908px\" \/><figcaption class=\"wp-element-caption\">Wien, 21. Juni<\/figcaption><\/figure>\n\n\n\n<h2 class=\"wp-block-heading\">Im hohen Norden<\/h2>\n\n\n\n<figure class=\"wp-block-image size-large\"><img loading=\"lazy\" decoding=\"async\" width=\"1006\" height=\"872\" src=\"https:\/\/www.medienfundgrube.at\/wp-content\/uploads\/2024\/10\/6.png\" alt=\"\" class=\"wp-image-6727\" srcset=\"https:\/\/www.medienfundgrube.at\/wp-content\/uploads\/2024\/10\/6.png 1006w, https:\/\/www.medienfundgrube.at\/wp-content\/uploads\/2024\/10\/6-300x260.png 300w, https:\/\/www.medienfundgrube.at\/wp-content\/uploads\/2024\/10\/6-768x666.png 768w, https:\/\/www.medienfundgrube.at\/wp-content\/uploads\/2024\/10\/6-346x300.png 346w\" sizes=\"auto, (max-width: 1006px) 100vw, 1006px\" \/><\/figure>\n\n\n\n<p>In Hammerfest (Norwegen) ist die Sonne am 21.12. nicht zu sehen.<\/p>\n\n\n\n<h2 class=\"wp-block-heading\">Kap der guten Hoffnung<\/h2>\n\n\n\n<figure class=\"wp-block-image size-large\"><img loading=\"lazy\" decoding=\"async\" width=\"1024\" height=\"839\" src=\"https:\/\/www.medienfundgrube.at\/wp-content\/uploads\/2024\/10\/7-1024x839.png\" alt=\"\" class=\"wp-image-6728\" srcset=\"https:\/\/www.medienfundgrube.at\/wp-content\/uploads\/2024\/10\/7-1024x839.png 1024w, https:\/\/www.medienfundgrube.at\/wp-content\/uploads\/2024\/10\/7-300x246.png 300w, https:\/\/www.medienfundgrube.at\/wp-content\/uploads\/2024\/10\/7-768x629.png 768w, https:\/\/www.medienfundgrube.at\/wp-content\/uploads\/2024\/10\/7-366x300.png 366w, https:\/\/www.medienfundgrube.at\/wp-content\/uploads\/2024\/10\/7.png 1057w\" sizes=\"auto, (max-width: 1024px) 100vw, 1024px\" \/><\/figure>\n\n\n\n<p>Am Kap der Guten Hoffnung ist hingegen die Sonne f\u00fcr 14 Stunden und 28 Minuten \u00fcber dem Horizont.<\/p>\n\n\n\n<h2 class=\"wp-block-heading\">Am \u00c4quator<\/h2>\n\n\n\n<figure class=\"wp-block-image size-large\"><img loading=\"lazy\" decoding=\"async\" width=\"962\" height=\"626\" src=\"https:\/\/www.medienfundgrube.at\/wp-content\/uploads\/2024\/10\/8.png\" alt=\"\" class=\"wp-image-6729\" srcset=\"https:\/\/www.medienfundgrube.at\/wp-content\/uploads\/2024\/10\/8.png 962w, https:\/\/www.medienfundgrube.at\/wp-content\/uploads\/2024\/10\/8-300x195.png 300w, https:\/\/www.medienfundgrube.at\/wp-content\/uploads\/2024\/10\/8-768x500.png 768w, https:\/\/www.medienfundgrube.at\/wp-content\/uploads\/2024\/10\/8-449x292.png 449w\" sizes=\"auto, (max-width: 962px) 100vw, 962px\" \/><\/figure>\n\n\n\n<p>In St\u00e4dten in der N\u00e4he des \u00c4quators ist das Bild wiederum ein ganz anderes, so wie hier in Ecuador.<\/p>\n\n\n\n<p><strong>Teilen<\/strong><\/p>\n\n\n\n<p>Der Sonnenverlauf zu einem bestimmten Tag an einem bestimmten Ort kann einfach geteilt werden. Es gen\u00fcgt, den aktuellen Link aus der Adresszeile des Browsers zu kopieren.<\/p>\n\n\n\n<p>Viel Spa\u00df beim Erkunden des Sonnenverlaufs!<\/p>\n\n\n\n<p><\/p>\n\n\n\n<p><\/p>\n\n\n\n<hr class=\"wp-block-separator has-css-opacity\"\/>\n\n\n\n<p class=\"has-sitebg-color has-accent-1-background-color has-text-color has-background\"><strong>WEBTOOL:  Sonnenverlauf<\/strong><br><br>+ Funktioniert im Browser<br>+ Kostenlos, kein Login n\u00f6tig <br>+ Gut im Unterricht f\u00fcr verschiedene Aufgabenstellungen im Bereich MINT einsetzbar<br>&#8211; Das Design der Homepage ist nicht mehr ganz zeitgem\u00e4\u00df.<\/p>\n\n\n\n<p><\/p>\n\n\n\n<p><\/p>\n\n\n\n<p><\/p>\n","protected":false},"excerpt":{"rendered":"<p>Auf der Homepage von sonnenverlauf.de kann man sich den Sonnenverlauf an verschiedenen Orten \u00fcber das Jahr hinweg anzeigen lassen. Sonnenaufgang, -untergang und Tagesdauer werden berechnet, ebenso wie D\u00e4mmerungszeiten, Schattenh\u00f6he usw.<\/p>\n","protected":false},"author":7,"featured_media":6719,"comment_status":"open","ping_status":"open","sticky":false,"template":"","format":"standard","meta":{"footnotes":""},"categories":[20,3,331,23],"tags":[60,128,350],"class_list":["post-6717","post","type-post","status-publish","format-standard","has-post-thumbnail","hentry","category-biologie","category-geografie","category-mint","category-physik","tag-astronomie","tag-interaktiv","tag-sonne"],"yoast_head":"<!-- This site is optimized with the Yoast SEO plugin v26.9 - https:\/\/yoast.com\/product\/yoast-seo-wordpress\/ -->\n<title>Der Sonnenverlauf - Medienfundgrube<\/title>\n<meta name=\"robots\" content=\"index, follow, max-snippet:-1, max-image-preview:large, max-video-preview:-1\" \/>\n<link rel=\"canonical\" href=\"https:\/\/www.medienfundgrube.at\/?p=6717\" \/>\n<meta property=\"og:locale\" content=\"de_DE\" \/>\n<meta property=\"og:type\" content=\"article\" \/>\n<meta property=\"og:title\" content=\"Der Sonnenverlauf - Medienfundgrube\" \/>\n<meta property=\"og:description\" content=\"Auf der Homepage von sonnenverlauf.de kann man sich den Sonnenverlauf an verschiedenen Orten \u00fcber das Jahr hinweg anzeigen lassen. Sonnenaufgang, -untergang und Tagesdauer werden berechnet, ebenso wie D\u00e4mmerungszeiten, Schattenh\u00f6he usw.\" \/>\n<meta property=\"og:url\" content=\"https:\/\/www.medienfundgrube.at\/?p=6717\" \/>\n<meta property=\"og:site_name\" content=\"Medienfundgrube\" \/>\n<meta property=\"article:published_time\" content=\"2024-10-29T08:42:48+00:00\" \/>\n<meta property=\"article:modified_time\" content=\"2024-10-29T08:42:49+00:00\" \/>\n<meta property=\"og:image\" content=\"https:\/\/www.medienfundgrube.at\/wp-content\/uploads\/2024\/10\/titelb.png\" \/>\n\t<meta property=\"og:image:width\" content=\"420\" \/>\n\t<meta property=\"og:image:height\" content=\"220\" \/>\n\t<meta property=\"og:image:type\" content=\"image\/png\" \/>\n<meta name=\"author\" content=\"Gerhard Brandhofer\" \/>\n<meta name=\"twitter:card\" content=\"summary_large_image\" \/>\n<meta name=\"twitter:label1\" content=\"Verfasst von\" \/>\n\t<meta name=\"twitter:data1\" content=\"Gerhard Brandhofer\" \/>\n\t<meta name=\"twitter:label2\" content=\"Gesch\u00e4tzte Lesezeit\" \/>\n\t<meta name=\"twitter:data2\" content=\"4\u00a0Minuten\" \/>\n<script type=\"application\/ld+json\" class=\"yoast-schema-graph\">{\"@context\":\"https:\/\/schema.org\",\"@graph\":[{\"@type\":\"Article\",\"@id\":\"https:\/\/www.medienfundgrube.at\/?p=6717#article\",\"isPartOf\":{\"@id\":\"https:\/\/www.medienfundgrube.at\/?p=6717\"},\"author\":{\"name\":\"Gerhard Brandhofer\",\"@id\":\"https:\/\/www.medienfundgrube.at\/#\/schema\/person\/faad2c45c98809754bd5bae34cc4bef4\"},\"headline\":\"Der Sonnenverlauf\",\"datePublished\":\"2024-10-29T08:42:48+00:00\",\"dateModified\":\"2024-10-29T08:42:49+00:00\",\"mainEntityOfPage\":{\"@id\":\"https:\/\/www.medienfundgrube.at\/?p=6717\"},\"wordCount\":378,\"commentCount\":0,\"publisher\":{\"@id\":\"https:\/\/www.medienfundgrube.at\/#organization\"},\"image\":{\"@id\":\"https:\/\/www.medienfundgrube.at\/?p=6717#primaryimage\"},\"thumbnailUrl\":\"https:\/\/www.medienfundgrube.at\/wp-content\/uploads\/2024\/10\/titelb.png\",\"keywords\":[\"astronomie\",\"interaktiv\",\"Sonne\"],\"articleSection\":[\"Biologie\",\"Geografie\",\"MINT\",\"Physik\"],\"inLanguage\":\"de\",\"potentialAction\":[{\"@type\":\"CommentAction\",\"name\":\"Comment\",\"target\":[\"https:\/\/www.medienfundgrube.at\/?p=6717#respond\"]}]},{\"@type\":\"WebPage\",\"@id\":\"https:\/\/www.medienfundgrube.at\/?p=6717\",\"url\":\"https:\/\/www.medienfundgrube.at\/?p=6717\",\"name\":\"Der Sonnenverlauf - Medienfundgrube\",\"isPartOf\":{\"@id\":\"https:\/\/www.medienfundgrube.at\/#website\"},\"primaryImageOfPage\":{\"@id\":\"https:\/\/www.medienfundgrube.at\/?p=6717#primaryimage\"},\"image\":{\"@id\":\"https:\/\/www.medienfundgrube.at\/?p=6717#primaryimage\"},\"thumbnailUrl\":\"https:\/\/www.medienfundgrube.at\/wp-content\/uploads\/2024\/10\/titelb.png\",\"datePublished\":\"2024-10-29T08:42:48+00:00\",\"dateModified\":\"2024-10-29T08:42:49+00:00\",\"breadcrumb\":{\"@id\":\"https:\/\/www.medienfundgrube.at\/?p=6717#breadcrumb\"},\"inLanguage\":\"de\",\"potentialAction\":[{\"@type\":\"ReadAction\",\"target\":[\"https:\/\/www.medienfundgrube.at\/?p=6717\"]}]},{\"@type\":\"ImageObject\",\"inLanguage\":\"de\",\"@id\":\"https:\/\/www.medienfundgrube.at\/?p=6717#primaryimage\",\"url\":\"https:\/\/www.medienfundgrube.at\/wp-content\/uploads\/2024\/10\/titelb.png\",\"contentUrl\":\"https:\/\/www.medienfundgrube.at\/wp-content\/uploads\/2024\/10\/titelb.png\",\"width\":420,\"height\":220},{\"@type\":\"BreadcrumbList\",\"@id\":\"https:\/\/www.medienfundgrube.at\/?p=6717#breadcrumb\",\"itemListElement\":[{\"@type\":\"ListItem\",\"position\":1,\"name\":\"Startseite\",\"item\":\"https:\/\/www.medienfundgrube.at\/\"},{\"@type\":\"ListItem\",\"position\":2,\"name\":\"Der Sonnenverlauf\"}]},{\"@type\":\"WebSite\",\"@id\":\"https:\/\/www.medienfundgrube.at\/#website\",\"url\":\"https:\/\/www.medienfundgrube.at\/\",\"name\":\"Medienfundgrube\",\"description\":\"Webtools und Linktipps - nicht nur f\u00fcr Lehrer*innen\",\"publisher\":{\"@id\":\"https:\/\/www.medienfundgrube.at\/#organization\"},\"potentialAction\":[{\"@type\":\"SearchAction\",\"target\":{\"@type\":\"EntryPoint\",\"urlTemplate\":\"https:\/\/www.medienfundgrube.at\/?s={search_term_string}\"},\"query-input\":{\"@type\":\"PropertyValueSpecification\",\"valueRequired\":true,\"valueName\":\"search_term_string\"}}],\"inLanguage\":\"de\"},{\"@type\":\"Organization\",\"@id\":\"https:\/\/www.medienfundgrube.at\/#organization\",\"name\":\"Medienfundgrube\",\"url\":\"https:\/\/www.medienfundgrube.at\/\",\"logo\":{\"@type\":\"ImageObject\",\"inLanguage\":\"de\",\"@id\":\"https:\/\/www.medienfundgrube.at\/#\/schema\/logo\/image\/\",\"url\":\"https:\/\/www.medienfundgrube.at\/wp-content\/uploads\/2019\/10\/mefugr-farbe11-1.jpg\",\"contentUrl\":\"https:\/\/www.medienfundgrube.at\/wp-content\/uploads\/2019\/10\/mefugr-farbe11-1.jpg\",\"width\":200,\"height\":200,\"caption\":\"Medienfundgrube\"},\"image\":{\"@id\":\"https:\/\/www.medienfundgrube.at\/#\/schema\/logo\/image\/\"}},{\"@type\":\"Person\",\"@id\":\"https:\/\/www.medienfundgrube.at\/#\/schema\/person\/faad2c45c98809754bd5bae34cc4bef4\",\"name\":\"Gerhard Brandhofer\",\"image\":{\"@type\":\"ImageObject\",\"inLanguage\":\"de\",\"@id\":\"https:\/\/www.medienfundgrube.at\/#\/schema\/person\/image\/\",\"url\":\"https:\/\/secure.gravatar.com\/avatar\/c6466504a1ce1e2cf81d2df8d75e1d1b8fdf1160c1cd92bd1743f7da4d9ee8ff?s=96&d=mm&r=g\",\"contentUrl\":\"https:\/\/secure.gravatar.com\/avatar\/c6466504a1ce1e2cf81d2df8d75e1d1b8fdf1160c1cd92bd1743f7da4d9ee8ff?s=96&d=mm&r=g\",\"caption\":\"Gerhard Brandhofer\"},\"description\":\"HS-Prof. Mag. Dr. Gerhard Brandhofer, BEd hat eine Hochschulprofessur f\u00fcr Mediendidaktik und informatische Bildung an der PH Nieder\u00f6sterreich inne. Zu den Arbeitsschwerpunkten geh\u00f6ren die Planung, Lehre und Forschung im Bereich des Einsatzes von digitalen Medien im Unterricht der Primar- und Sekundarstufe.\",\"url\":\"https:\/\/www.medienfundgrube.at\/?author=7\"}]}<\/script>\n<!-- \/ Yoast SEO plugin. -->","yoast_head_json":{"title":"Der Sonnenverlauf - Medienfundgrube","robots":{"index":"index","follow":"follow","max-snippet":"max-snippet:-1","max-image-preview":"max-image-preview:large","max-video-preview":"max-video-preview:-1"},"canonical":"https:\/\/www.medienfundgrube.at\/?p=6717","og_locale":"de_DE","og_type":"article","og_title":"Der Sonnenverlauf - Medienfundgrube","og_description":"Auf der Homepage von sonnenverlauf.de kann man sich den Sonnenverlauf an verschiedenen Orten \u00fcber das Jahr hinweg anzeigen lassen. Sonnenaufgang, -untergang und Tagesdauer werden berechnet, ebenso wie D\u00e4mmerungszeiten, Schattenh\u00f6he usw.","og_url":"https:\/\/www.medienfundgrube.at\/?p=6717","og_site_name":"Medienfundgrube","article_published_time":"2024-10-29T08:42:48+00:00","article_modified_time":"2024-10-29T08:42:49+00:00","og_image":[{"width":420,"height":220,"url":"https:\/\/www.medienfundgrube.at\/wp-content\/uploads\/2024\/10\/titelb.png","type":"image\/png"}],"author":"Gerhard Brandhofer","twitter_card":"summary_large_image","twitter_misc":{"Verfasst von":"Gerhard Brandhofer","Gesch\u00e4tzte Lesezeit":"4\u00a0Minuten"},"schema":{"@context":"https:\/\/schema.org","@graph":[{"@type":"Article","@id":"https:\/\/www.medienfundgrube.at\/?p=6717#article","isPartOf":{"@id":"https:\/\/www.medienfundgrube.at\/?p=6717"},"author":{"name":"Gerhard Brandhofer","@id":"https:\/\/www.medienfundgrube.at\/#\/schema\/person\/faad2c45c98809754bd5bae34cc4bef4"},"headline":"Der Sonnenverlauf","datePublished":"2024-10-29T08:42:48+00:00","dateModified":"2024-10-29T08:42:49+00:00","mainEntityOfPage":{"@id":"https:\/\/www.medienfundgrube.at\/?p=6717"},"wordCount":378,"commentCount":0,"publisher":{"@id":"https:\/\/www.medienfundgrube.at\/#organization"},"image":{"@id":"https:\/\/www.medienfundgrube.at\/?p=6717#primaryimage"},"thumbnailUrl":"https:\/\/www.medienfundgrube.at\/wp-content\/uploads\/2024\/10\/titelb.png","keywords":["astronomie","interaktiv","Sonne"],"articleSection":["Biologie","Geografie","MINT","Physik"],"inLanguage":"de","potentialAction":[{"@type":"CommentAction","name":"Comment","target":["https:\/\/www.medienfundgrube.at\/?p=6717#respond"]}]},{"@type":"WebPage","@id":"https:\/\/www.medienfundgrube.at\/?p=6717","url":"https:\/\/www.medienfundgrube.at\/?p=6717","name":"Der Sonnenverlauf - Medienfundgrube","isPartOf":{"@id":"https:\/\/www.medienfundgrube.at\/#website"},"primaryImageOfPage":{"@id":"https:\/\/www.medienfundgrube.at\/?p=6717#primaryimage"},"image":{"@id":"https:\/\/www.medienfundgrube.at\/?p=6717#primaryimage"},"thumbnailUrl":"https:\/\/www.medienfundgrube.at\/wp-content\/uploads\/2024\/10\/titelb.png","datePublished":"2024-10-29T08:42:48+00:00","dateModified":"2024-10-29T08:42:49+00:00","breadcrumb":{"@id":"https:\/\/www.medienfundgrube.at\/?p=6717#breadcrumb"},"inLanguage":"de","potentialAction":[{"@type":"ReadAction","target":["https:\/\/www.medienfundgrube.at\/?p=6717"]}]},{"@type":"ImageObject","inLanguage":"de","@id":"https:\/\/www.medienfundgrube.at\/?p=6717#primaryimage","url":"https:\/\/www.medienfundgrube.at\/wp-content\/uploads\/2024\/10\/titelb.png","contentUrl":"https:\/\/www.medienfundgrube.at\/wp-content\/uploads\/2024\/10\/titelb.png","width":420,"height":220},{"@type":"BreadcrumbList","@id":"https:\/\/www.medienfundgrube.at\/?p=6717#breadcrumb","itemListElement":[{"@type":"ListItem","position":1,"name":"Startseite","item":"https:\/\/www.medienfundgrube.at\/"},{"@type":"ListItem","position":2,"name":"Der Sonnenverlauf"}]},{"@type":"WebSite","@id":"https:\/\/www.medienfundgrube.at\/#website","url":"https:\/\/www.medienfundgrube.at\/","name":"Medienfundgrube","description":"Webtools und Linktipps - nicht nur f\u00fcr Lehrer*innen","publisher":{"@id":"https:\/\/www.medienfundgrube.at\/#organization"},"potentialAction":[{"@type":"SearchAction","target":{"@type":"EntryPoint","urlTemplate":"https:\/\/www.medienfundgrube.at\/?s={search_term_string}"},"query-input":{"@type":"PropertyValueSpecification","valueRequired":true,"valueName":"search_term_string"}}],"inLanguage":"de"},{"@type":"Organization","@id":"https:\/\/www.medienfundgrube.at\/#organization","name":"Medienfundgrube","url":"https:\/\/www.medienfundgrube.at\/","logo":{"@type":"ImageObject","inLanguage":"de","@id":"https:\/\/www.medienfundgrube.at\/#\/schema\/logo\/image\/","url":"https:\/\/www.medienfundgrube.at\/wp-content\/uploads\/2019\/10\/mefugr-farbe11-1.jpg","contentUrl":"https:\/\/www.medienfundgrube.at\/wp-content\/uploads\/2019\/10\/mefugr-farbe11-1.jpg","width":200,"height":200,"caption":"Medienfundgrube"},"image":{"@id":"https:\/\/www.medienfundgrube.at\/#\/schema\/logo\/image\/"}},{"@type":"Person","@id":"https:\/\/www.medienfundgrube.at\/#\/schema\/person\/faad2c45c98809754bd5bae34cc4bef4","name":"Gerhard Brandhofer","image":{"@type":"ImageObject","inLanguage":"de","@id":"https:\/\/www.medienfundgrube.at\/#\/schema\/person\/image\/","url":"https:\/\/secure.gravatar.com\/avatar\/c6466504a1ce1e2cf81d2df8d75e1d1b8fdf1160c1cd92bd1743f7da4d9ee8ff?s=96&d=mm&r=g","contentUrl":"https:\/\/secure.gravatar.com\/avatar\/c6466504a1ce1e2cf81d2df8d75e1d1b8fdf1160c1cd92bd1743f7da4d9ee8ff?s=96&d=mm&r=g","caption":"Gerhard Brandhofer"},"description":"HS-Prof. Mag. Dr. Gerhard Brandhofer, BEd hat eine Hochschulprofessur f\u00fcr Mediendidaktik und informatische Bildung an der PH Nieder\u00f6sterreich inne. Zu den Arbeitsschwerpunkten geh\u00f6ren die Planung, Lehre und Forschung im Bereich des Einsatzes von digitalen Medien im Unterricht der Primar- und Sekundarstufe.","url":"https:\/\/www.medienfundgrube.at\/?author=7"}]}},"_links":{"self":[{"href":"https:\/\/www.medienfundgrube.at\/index.php?rest_route=\/wp\/v2\/posts\/6717","targetHints":{"allow":["GET"]}}],"collection":[{"href":"https:\/\/www.medienfundgrube.at\/index.php?rest_route=\/wp\/v2\/posts"}],"about":[{"href":"https:\/\/www.medienfundgrube.at\/index.php?rest_route=\/wp\/v2\/types\/post"}],"author":[{"embeddable":true,"href":"https:\/\/www.medienfundgrube.at\/index.php?rest_route=\/wp\/v2\/users\/7"}],"replies":[{"embeddable":true,"href":"https:\/\/www.medienfundgrube.at\/index.php?rest_route=%2Fwp%2Fv2%2Fcomments&post=6717"}],"version-history":[{"count":5,"href":"https:\/\/www.medienfundgrube.at\/index.php?rest_route=\/wp\/v2\/posts\/6717\/revisions"}],"predecessor-version":[{"id":6732,"href":"https:\/\/www.medienfundgrube.at\/index.php?rest_route=\/wp\/v2\/posts\/6717\/revisions\/6732"}],"wp:featuredmedia":[{"embeddable":true,"href":"https:\/\/www.medienfundgrube.at\/index.php?rest_route=\/wp\/v2\/media\/6719"}],"wp:attachment":[{"href":"https:\/\/www.medienfundgrube.at\/index.php?rest_route=%2Fwp%2Fv2%2Fmedia&parent=6717"}],"wp:term":[{"taxonomy":"category","embeddable":true,"href":"https:\/\/www.medienfundgrube.at\/index.php?rest_route=%2Fwp%2Fv2%2Fcategories&post=6717"},{"taxonomy":"post_tag","embeddable":true,"href":"https:\/\/www.medienfundgrube.at\/index.php?rest_route=%2Fwp%2Fv2%2Ftags&post=6717"}],"curies":[{"name":"wp","href":"https:\/\/api.w.org\/{rel}","templated":true}]}}