{"id":5061,"date":"2021-02-19T11:36:06","date_gmt":"2021-02-19T10:36:06","guid":{"rendered":"http:\/\/www.medienfundgrube.at\/?p=5061"},"modified":"2021-02-19T12:02:08","modified_gmt":"2021-02-19T11:02:08","slug":"teachertool","status":"publish","type":"post","link":"https:\/\/www.medienfundgrube.at\/?p=5061","title":{"rendered":"TeacherTool"},"content":{"rendered":"\n<p>Das kostenpflichtige <a href=\"https:\/\/teachertool.de\/\" target=\"_blank\" rel=\"noreferrer noopener\">TeacherTool<\/a> bietet umfangreiche M\u00f6glichkeiten zur Analyse und Dokumentation der Leistungen Ihrer Sch\u00fcler und Ihrer Unterrichtsinhalte. Sie k\u00f6nnen Ihre Inhalte auf dem PC speichern und mit Ihrem iPhone, iPad und iPod touch synchronisieren.<\/p>\n\n\n\n<iframe loading=\"lazy\" allowfullscreen src=\"https:\/\/medien.ph-noe.ac.at\/paella\/ui\/embed.html?id=13b6b17e-68c0-4dba-8de4-0d43d5a89122\" style=\"border:0px #FFFFFF none;\" name=\"Paella Player\" scrolling=\"no\" frameborder=\"0\" marginheight=\"0px\" marginwidth=\"0px\" width=\"1280\" height=\"580\"><\/iframe>\n\n\n\n<p class=\"has-sitebg-color has-accent-1-background-color has-text-color has-background\"><strong><a rel=\"noreferrer noopener\" href=\"https:\/\/teachertool.de\/\" target=\"_blank\">WEBSITE: TeacherTool<\/a><br><a rel=\"noreferrer noopener\" href=\"https:\/\/apps.apple.com\/de\/app\/teachertool-5\/id960338350T\" target=\"_blank\" data-type=\"URL\" data-id=\"https:\/\/apps.apple.com\/de\/app\/teachertool-5\/id960338350T\">APP: f\u00fcr iOS<\/a><\/strong><br><br>+ einfacher Aufbau und Bedienung<br>+ interaktive Analyse von Leistungsentwiklungen<br>&#8211; App nur f\u00fcr iOS verf\u00fcgbar<br>&#8211; Synchronisation nur mit Abo-Lizenz m\u00f6glich<\/p>\n","protected":false},"excerpt":{"rendered":"<p>Mit diesem Tool k\u00f6nnen Lehrende die Noten ihrer Sch\u00fcler\/innen verwalten und ihre Leistung analysieren, Stundenpl\u00e4ne erstellen und vieles mehr.<\/p>\n","protected":false},"author":3,"featured_media":5067,"comment_status":"open","ping_status":"open","sticky":false,"template":"","format":"standard","meta":{"footnotes":""},"categories":[104],"tags":[234,233,235],"class_list":["post-5061","post","type-post","status-publish","format-standard","has-post-thumbnail","hentry","category-klassen-schulmanagement","tag-leistungsanalyse","tag-notenverwaltung","tag-schuelerverwaltung"],"yoast_head":"<!-- This site is optimized with the Yoast SEO plugin v26.9 - https:\/\/yoast.com\/product\/yoast-seo-wordpress\/ -->\n<title>TeacherTool - Medienfundgrube<\/title>\n<meta name=\"robots\" content=\"index, follow, max-snippet:-1, max-image-preview:large, max-video-preview:-1\" \/>\n<link rel=\"canonical\" href=\"https:\/\/www.medienfundgrube.at\/?p=5061\" \/>\n<meta property=\"og:locale\" content=\"de_DE\" \/>\n<meta property=\"og:type\" content=\"article\" \/>\n<meta property=\"og:title\" content=\"TeacherTool - Medienfundgrube\" \/>\n<meta property=\"og:description\" content=\"Mit diesem Tool k\u00f6nnen Lehrende die Noten ihrer Sch\u00fcler\/innen verwalten und ihre Leistung analysieren, Stundenpl\u00e4ne erstellen und vieles mehr.\" \/>\n<meta property=\"og:url\" content=\"https:\/\/www.medienfundgrube.at\/?p=5061\" \/>\n<meta property=\"og:site_name\" content=\"Medienfundgrube\" \/>\n<meta property=\"article:published_time\" content=\"2021-02-19T10:36:06+00:00\" \/>\n<meta property=\"article:modified_time\" content=\"2021-02-19T11:02:08+00:00\" \/>\n<meta property=\"og:image\" content=\"https:\/\/www.medienfundgrube.at\/wp-content\/uploads\/2021\/02\/teachertool_beitragsbild.jpg\" \/>\n\t<meta property=\"og:image:width\" content=\"420\" \/>\n\t<meta property=\"og:image:height\" content=\"220\" \/>\n\t<meta property=\"og:image:type\" content=\"image\/jpeg\" \/>\n<meta name=\"author\" content=\"Walter Fikisz\" \/>\n<meta name=\"twitter:card\" content=\"summary_large_image\" \/>\n<meta name=\"twitter:label1\" content=\"Verfasst von\" \/>\n\t<meta name=\"twitter:data1\" content=\"Walter Fikisz\" \/>\n<script type=\"application\/ld+json\" class=\"yoast-schema-graph\">{\"@context\":\"https:\/\/schema.org\",\"@graph\":[{\"@type\":\"Article\",\"@id\":\"https:\/\/www.medienfundgrube.at\/?p=5061#article\",\"isPartOf\":{\"@id\":\"https:\/\/www.medienfundgrube.at\/?p=5061\"},\"author\":{\"name\":\"Walter Fikisz\",\"@id\":\"https:\/\/www.medienfundgrube.at\/#\/schema\/person\/9fb607b21ac44699a322cae585f8c559\"},\"headline\":\"TeacherTool\",\"datePublished\":\"2021-02-19T10:36:06+00:00\",\"dateModified\":\"2021-02-19T11:02:08+00:00\",\"mainEntityOfPage\":{\"@id\":\"https:\/\/www.medienfundgrube.at\/?p=5061\"},\"wordCount\":65,\"commentCount\":0,\"publisher\":{\"@id\":\"https:\/\/www.medienfundgrube.at\/#organization\"},\"image\":{\"@id\":\"https:\/\/www.medienfundgrube.at\/?p=5061#primaryimage\"},\"thumbnailUrl\":\"https:\/\/www.medienfundgrube.at\/wp-content\/uploads\/2021\/02\/teachertool_beitragsbild.jpg\",\"keywords\":[\"Leistungsanalyse\",\"Notenverwaltung\",\"Sch\u00fclerverwaltung\"],\"articleSection\":[\"Klassen-\/Schulmanagement\"],\"inLanguage\":\"de\",\"potentialAction\":[{\"@type\":\"CommentAction\",\"name\":\"Comment\",\"target\":[\"https:\/\/www.medienfundgrube.at\/?p=5061#respond\"]}]},{\"@type\":\"WebPage\",\"@id\":\"https:\/\/www.medienfundgrube.at\/?p=5061\",\"url\":\"https:\/\/www.medienfundgrube.at\/?p=5061\",\"name\":\"TeacherTool - Medienfundgrube\",\"isPartOf\":{\"@id\":\"https:\/\/www.medienfundgrube.at\/#website\"},\"primaryImageOfPage\":{\"@id\":\"https:\/\/www.medienfundgrube.at\/?p=5061#primaryimage\"},\"image\":{\"@id\":\"https:\/\/www.medienfundgrube.at\/?p=5061#primaryimage\"},\"thumbnailUrl\":\"https:\/\/www.medienfundgrube.at\/wp-content\/uploads\/2021\/02\/teachertool_beitragsbild.jpg\",\"datePublished\":\"2021-02-19T10:36:06+00:00\",\"dateModified\":\"2021-02-19T11:02:08+00:00\",\"breadcrumb\":{\"@id\":\"https:\/\/www.medienfundgrube.at\/?p=5061#breadcrumb\"},\"inLanguage\":\"de\",\"potentialAction\":[{\"@type\":\"ReadAction\",\"target\":[\"https:\/\/www.medienfundgrube.at\/?p=5061\"]}]},{\"@type\":\"ImageObject\",\"inLanguage\":\"de\",\"@id\":\"https:\/\/www.medienfundgrube.at\/?p=5061#primaryimage\",\"url\":\"https:\/\/www.medienfundgrube.at\/wp-content\/uploads\/2021\/02\/teachertool_beitragsbild.jpg\",\"contentUrl\":\"https:\/\/www.medienfundgrube.at\/wp-content\/uploads\/2021\/02\/teachertool_beitragsbild.jpg\",\"width\":420,\"height\":220},{\"@type\":\"BreadcrumbList\",\"@id\":\"https:\/\/www.medienfundgrube.at\/?p=5061#breadcrumb\",\"itemListElement\":[{\"@type\":\"ListItem\",\"position\":1,\"name\":\"Startseite\",\"item\":\"https:\/\/www.medienfundgrube.at\/\"},{\"@type\":\"ListItem\",\"position\":2,\"name\":\"TeacherTool\"}]},{\"@type\":\"WebSite\",\"@id\":\"https:\/\/www.medienfundgrube.at\/#website\",\"url\":\"https:\/\/www.medienfundgrube.at\/\",\"name\":\"Medienfundgrube\",\"description\":\"Webtools und Linktipps - nicht nur f\u00fcr Lehrer*innen\",\"publisher\":{\"@id\":\"https:\/\/www.medienfundgrube.at\/#organization\"},\"potentialAction\":[{\"@type\":\"SearchAction\",\"target\":{\"@type\":\"EntryPoint\",\"urlTemplate\":\"https:\/\/www.medienfundgrube.at\/?s={search_term_string}\"},\"query-input\":{\"@type\":\"PropertyValueSpecification\",\"valueRequired\":true,\"valueName\":\"search_term_string\"}}],\"inLanguage\":\"de\"},{\"@type\":\"Organization\",\"@id\":\"https:\/\/www.medienfundgrube.at\/#organization\",\"name\":\"Medienfundgrube\",\"url\":\"https:\/\/www.medienfundgrube.at\/\",\"logo\":{\"@type\":\"ImageObject\",\"inLanguage\":\"de\",\"@id\":\"https:\/\/www.medienfundgrube.at\/#\/schema\/logo\/image\/\",\"url\":\"https:\/\/www.medienfundgrube.at\/wp-content\/uploads\/2019\/10\/mefugr-farbe11-1.jpg\",\"contentUrl\":\"https:\/\/www.medienfundgrube.at\/wp-content\/uploads\/2019\/10\/mefugr-farbe11-1.jpg\",\"width\":200,\"height\":200,\"caption\":\"Medienfundgrube\"},\"image\":{\"@id\":\"https:\/\/www.medienfundgrube.at\/#\/schema\/logo\/image\/\"}},{\"@type\":\"Person\",\"@id\":\"https:\/\/www.medienfundgrube.at\/#\/schema\/person\/9fb607b21ac44699a322cae585f8c559\",\"name\":\"Walter Fikisz\",\"image\":{\"@type\":\"ImageObject\",\"inLanguage\":\"de\",\"@id\":\"https:\/\/www.medienfundgrube.at\/#\/schema\/person\/image\/\",\"url\":\"https:\/\/secure.gravatar.com\/avatar\/7f5638c26901218a475fe97101efc76cb4d279ebb07965ce19141b3f32542d55?s=96&d=mm&r=g\",\"contentUrl\":\"https:\/\/secure.gravatar.com\/avatar\/7f5638c26901218a475fe97101efc76cb4d279ebb07965ce19141b3f32542d55?s=96&d=mm&r=g\",\"caption\":\"Walter Fikisz\"},\"description\":\"Walter Fikisz ist Social Media Manager, Lehrender und E-Didaktiker an der P\u00e4dagogischen Hochschule Nieder\u00f6sterreich. Sein wissenschaftliches Interesse gilt der Verbindung von Kommunikation und P\u00e4dagogik. Er \u201elebt\u201c Social Media und m\u00f6chte deren Gesetzm\u00e4\u00dfigkeiten und Auswirkungen auf die \u201eGeneration Z\u201c noch genauer erforschen.\",\"url\":\"https:\/\/www.medienfundgrube.at\/?author=3\"}]}<\/script>\n<!-- \/ Yoast SEO plugin. -->","yoast_head_json":{"title":"TeacherTool - Medienfundgrube","robots":{"index":"index","follow":"follow","max-snippet":"max-snippet:-1","max-image-preview":"max-image-preview:large","max-video-preview":"max-video-preview:-1"},"canonical":"https:\/\/www.medienfundgrube.at\/?p=5061","og_locale":"de_DE","og_type":"article","og_title":"TeacherTool - Medienfundgrube","og_description":"Mit diesem Tool k\u00f6nnen Lehrende die Noten ihrer Sch\u00fcler\/innen verwalten und ihre Leistung analysieren, Stundenpl\u00e4ne erstellen und vieles mehr.","og_url":"https:\/\/www.medienfundgrube.at\/?p=5061","og_site_name":"Medienfundgrube","article_published_time":"2021-02-19T10:36:06+00:00","article_modified_time":"2021-02-19T11:02:08+00:00","og_image":[{"width":420,"height":220,"url":"https:\/\/www.medienfundgrube.at\/wp-content\/uploads\/2021\/02\/teachertool_beitragsbild.jpg","type":"image\/jpeg"}],"author":"Walter Fikisz","twitter_card":"summary_large_image","twitter_misc":{"Verfasst von":"Walter Fikisz"},"schema":{"@context":"https:\/\/schema.org","@graph":[{"@type":"Article","@id":"https:\/\/www.medienfundgrube.at\/?p=5061#article","isPartOf":{"@id":"https:\/\/www.medienfundgrube.at\/?p=5061"},"author":{"name":"Walter Fikisz","@id":"https:\/\/www.medienfundgrube.at\/#\/schema\/person\/9fb607b21ac44699a322cae585f8c559"},"headline":"TeacherTool","datePublished":"2021-02-19T10:36:06+00:00","dateModified":"2021-02-19T11:02:08+00:00","mainEntityOfPage":{"@id":"https:\/\/www.medienfundgrube.at\/?p=5061"},"wordCount":65,"commentCount":0,"publisher":{"@id":"https:\/\/www.medienfundgrube.at\/#organization"},"image":{"@id":"https:\/\/www.medienfundgrube.at\/?p=5061#primaryimage"},"thumbnailUrl":"https:\/\/www.medienfundgrube.at\/wp-content\/uploads\/2021\/02\/teachertool_beitragsbild.jpg","keywords":["Leistungsanalyse","Notenverwaltung","Sch\u00fclerverwaltung"],"articleSection":["Klassen-\/Schulmanagement"],"inLanguage":"de","potentialAction":[{"@type":"CommentAction","name":"Comment","target":["https:\/\/www.medienfundgrube.at\/?p=5061#respond"]}]},{"@type":"WebPage","@id":"https:\/\/www.medienfundgrube.at\/?p=5061","url":"https:\/\/www.medienfundgrube.at\/?p=5061","name":"TeacherTool - Medienfundgrube","isPartOf":{"@id":"https:\/\/www.medienfundgrube.at\/#website"},"primaryImageOfPage":{"@id":"https:\/\/www.medienfundgrube.at\/?p=5061#primaryimage"},"image":{"@id":"https:\/\/www.medienfundgrube.at\/?p=5061#primaryimage"},"thumbnailUrl":"https:\/\/www.medienfundgrube.at\/wp-content\/uploads\/2021\/02\/teachertool_beitragsbild.jpg","datePublished":"2021-02-19T10:36:06+00:00","dateModified":"2021-02-19T11:02:08+00:00","breadcrumb":{"@id":"https:\/\/www.medienfundgrube.at\/?p=5061#breadcrumb"},"inLanguage":"de","potentialAction":[{"@type":"ReadAction","target":["https:\/\/www.medienfundgrube.at\/?p=5061"]}]},{"@type":"ImageObject","inLanguage":"de","@id":"https:\/\/www.medienfundgrube.at\/?p=5061#primaryimage","url":"https:\/\/www.medienfundgrube.at\/wp-content\/uploads\/2021\/02\/teachertool_beitragsbild.jpg","contentUrl":"https:\/\/www.medienfundgrube.at\/wp-content\/uploads\/2021\/02\/teachertool_beitragsbild.jpg","width":420,"height":220},{"@type":"BreadcrumbList","@id":"https:\/\/www.medienfundgrube.at\/?p=5061#breadcrumb","itemListElement":[{"@type":"ListItem","position":1,"name":"Startseite","item":"https:\/\/www.medienfundgrube.at\/"},{"@type":"ListItem","position":2,"name":"TeacherTool"}]},{"@type":"WebSite","@id":"https:\/\/www.medienfundgrube.at\/#website","url":"https:\/\/www.medienfundgrube.at\/","name":"Medienfundgrube","description":"Webtools und Linktipps - nicht nur f\u00fcr Lehrer*innen","publisher":{"@id":"https:\/\/www.medienfundgrube.at\/#organization"},"potentialAction":[{"@type":"SearchAction","target":{"@type":"EntryPoint","urlTemplate":"https:\/\/www.medienfundgrube.at\/?s={search_term_string}"},"query-input":{"@type":"PropertyValueSpecification","valueRequired":true,"valueName":"search_term_string"}}],"inLanguage":"de"},{"@type":"Organization","@id":"https:\/\/www.medienfundgrube.at\/#organization","name":"Medienfundgrube","url":"https:\/\/www.medienfundgrube.at\/","logo":{"@type":"ImageObject","inLanguage":"de","@id":"https:\/\/www.medienfundgrube.at\/#\/schema\/logo\/image\/","url":"https:\/\/www.medienfundgrube.at\/wp-content\/uploads\/2019\/10\/mefugr-farbe11-1.jpg","contentUrl":"https:\/\/www.medienfundgrube.at\/wp-content\/uploads\/2019\/10\/mefugr-farbe11-1.jpg","width":200,"height":200,"caption":"Medienfundgrube"},"image":{"@id":"https:\/\/www.medienfundgrube.at\/#\/schema\/logo\/image\/"}},{"@type":"Person","@id":"https:\/\/www.medienfundgrube.at\/#\/schema\/person\/9fb607b21ac44699a322cae585f8c559","name":"Walter Fikisz","image":{"@type":"ImageObject","inLanguage":"de","@id":"https:\/\/www.medienfundgrube.at\/#\/schema\/person\/image\/","url":"https:\/\/secure.gravatar.com\/avatar\/7f5638c26901218a475fe97101efc76cb4d279ebb07965ce19141b3f32542d55?s=96&d=mm&r=g","contentUrl":"https:\/\/secure.gravatar.com\/avatar\/7f5638c26901218a475fe97101efc76cb4d279ebb07965ce19141b3f32542d55?s=96&d=mm&r=g","caption":"Walter Fikisz"},"description":"Walter Fikisz ist Social Media Manager, Lehrender und E-Didaktiker an der P\u00e4dagogischen Hochschule Nieder\u00f6sterreich. Sein wissenschaftliches Interesse gilt der Verbindung von Kommunikation und P\u00e4dagogik. Er \u201elebt\u201c Social Media und m\u00f6chte deren Gesetzm\u00e4\u00dfigkeiten und Auswirkungen auf die \u201eGeneration Z\u201c noch genauer erforschen.","url":"https:\/\/www.medienfundgrube.at\/?author=3"}]}},"_links":{"self":[{"href":"https:\/\/www.medienfundgrube.at\/index.php?rest_route=\/wp\/v2\/posts\/5061","targetHints":{"allow":["GET"]}}],"collection":[{"href":"https:\/\/www.medienfundgrube.at\/index.php?rest_route=\/wp\/v2\/posts"}],"about":[{"href":"https:\/\/www.medienfundgrube.at\/index.php?rest_route=\/wp\/v2\/types\/post"}],"author":[{"embeddable":true,"href":"https:\/\/www.medienfundgrube.at\/index.php?rest_route=\/wp\/v2\/users\/3"}],"replies":[{"embeddable":true,"href":"https:\/\/www.medienfundgrube.at\/index.php?rest_route=%2Fwp%2Fv2%2Fcomments&post=5061"}],"version-history":[{"count":7,"href":"https:\/\/www.medienfundgrube.at\/index.php?rest_route=\/wp\/v2\/posts\/5061\/revisions"}],"predecessor-version":[{"id":5070,"href":"https:\/\/www.medienfundgrube.at\/index.php?rest_route=\/wp\/v2\/posts\/5061\/revisions\/5070"}],"wp:featuredmedia":[{"embeddable":true,"href":"https:\/\/www.medienfundgrube.at\/index.php?rest_route=\/wp\/v2\/media\/5067"}],"wp:attachment":[{"href":"https:\/\/www.medienfundgrube.at\/index.php?rest_route=%2Fwp%2Fv2%2Fmedia&parent=5061"}],"wp:term":[{"taxonomy":"category","embeddable":true,"href":"https:\/\/www.medienfundgrube.at\/index.php?rest_route=%2Fwp%2Fv2%2Fcategories&post=5061"},{"taxonomy":"post_tag","embeddable":true,"href":"https:\/\/www.medienfundgrube.at\/index.php?rest_route=%2Fwp%2Fv2%2Ftags&post=5061"}],"curies":[{"name":"wp","href":"https:\/\/api.w.org\/{rel}","templated":true}]}}