{"id":3325,"date":"2018-06-25T09:23:55","date_gmt":"2018-06-25T07:23:55","guid":{"rendered":"http:\/\/www.medienfundgrube.at\/?p=3325"},"modified":"2018-09-14T13:37:16","modified_gmt":"2018-09-14T11:37:16","slug":"verzettelt-post-it-plus-hilft-dir-weiter","status":"publish","type":"post","link":"https:\/\/www.medienfundgrube.at\/?p=3325","title":{"rendered":"Verzettelt?!-Post-it Plus hilft dir weiter!"},"content":{"rendered":"<p>Wer kennt das nicht? Haufenweise <strong>To Do\u00b4s<\/strong> aber leider kein System dahinter, um diese schnell abzuarbeiten. Mit <strong>Post-It Plus<\/strong> holen Sie sich Ihre <strong>Klebezettel<\/strong> ins <strong>I-Pad<\/strong> oder auf Ihr <strong>Smartphone<\/strong>.<\/p>\n<h2><!--more--><a title=\"Post-It Plus\" href=\"https:\/\/www.post-it.com\/3M\/en_US\/post-it\/ideas\/plus-app\/\" target=\"_blank\" rel=\"noopener\">Post-It Plus<\/a><\/h2>\n<p>erm\u00f6glicht es <strong>Ideen<\/strong><\/p>\n<ul>\n<li>digital festzuhalten<\/li>\n<li>diese zu ordnen<\/li>\n<li>und danach auch noch zu teilen<\/li>\n<\/ul>\n<p><img loading=\"lazy\" decoding=\"async\" class=\"wp-image-3345 aligncenter\" src=\"http:\/\/www.medienfundgrube.at\/wp-content\/uploads\/2018\/05\/Post-it-plus-boards-1-300x127.jpg\" alt=\"\" width=\"474\" height=\"201\" srcset=\"https:\/\/www.medienfundgrube.at\/wp-content\/uploads\/2018\/05\/Post-it-plus-boards-1-300x127.jpg 300w, https:\/\/www.medienfundgrube.at\/wp-content\/uploads\/2018\/05\/Post-it-plus-boards-1-768x324.jpg 768w, https:\/\/www.medienfundgrube.at\/wp-content\/uploads\/2018\/05\/Post-it-plus-boards-1-1024x433.jpg 1024w, https:\/\/www.medienfundgrube.at\/wp-content\/uploads\/2018\/05\/Post-it-plus-boards-1.jpg 1399w\" sizes=\"auto, (max-width: 474px) 100vw, 474px\" \/><\/p>\n<h2>Aller Anfang ist nicht schwer<\/h2>\n<p>Zu Beginn werden die verschiedenen Boards grafisch dargestellt und eine Wahlm\u00f6glichkeit wird geboten. Es kann gew\u00e4hlt werden zwischen<\/p>\n<ul>\n<li><strong>Quick Start<\/strong><\/li>\n<li><strong>Brainstorming<\/strong><\/li>\n<li><strong>Todo Items<\/strong><\/li>\n<\/ul>\n<p>Jedes Board hat schon eine <strong>eigene Gliederung<\/strong>, die helfen kann, die Gedanken noch besser zu ordnen.<\/p>\n<p><img loading=\"lazy\" decoding=\"async\" class=\" wp-image-3347 aligncenter\" src=\"http:\/\/www.medienfundgrube.at\/wp-content\/uploads\/2018\/05\/Post-it-plus-to-do-225x300.jpg\" alt=\"\" width=\"337\" height=\"450\" srcset=\"https:\/\/www.medienfundgrube.at\/wp-content\/uploads\/2018\/05\/Post-it-plus-to-do-225x300.jpg 225w, https:\/\/www.medienfundgrube.at\/wp-content\/uploads\/2018\/05\/Post-it-plus-to-do-768x1024.jpg 768w, https:\/\/www.medienfundgrube.at\/wp-content\/uploads\/2018\/05\/Post-it-plus-to-do.jpg 1536w\" sizes=\"auto, (max-width: 337px) 100vw, 337px\" \/><\/p>\n<p>Mit Hilfe des <strong>Plus Buttons<\/strong> k\u00f6nnen neue Post-its erstellt werden, aber auch <strong>abfotografiert<\/strong> werden. Die abfotografierten Post-its werden dann automatisch in das ausgew\u00e4hlte Board eingef\u00fcgt. Mit der App k\u00f6nnen die virtuellen Post-Its nun umgeordnet, um neue Post-Its erg\u00e4nzt und die Farben der Klebezettel angepasst werden.<\/p>\n<p>Das Post it kann mit Hilfe von Stiften &#8222;per Hand&#8220; geschrieben werden oder via Tastatur verfasst werden.<\/p>\n<p><img loading=\"lazy\" decoding=\"async\" class=\" wp-image-3349 aligncenter\" src=\"http:\/\/www.medienfundgrube.at\/wp-content\/uploads\/2018\/05\/IMG_0021-300x218.png\" alt=\"\" width=\"429\" height=\"312\" srcset=\"https:\/\/www.medienfundgrube.at\/wp-content\/uploads\/2018\/05\/IMG_0021-300x218.png 300w, https:\/\/www.medienfundgrube.at\/wp-content\/uploads\/2018\/05\/IMG_0021-768x558.png 768w, https:\/\/www.medienfundgrube.at\/wp-content\/uploads\/2018\/05\/IMG_0021-1024x744.png 1024w, https:\/\/www.medienfundgrube.at\/wp-content\/uploads\/2018\/05\/IMG_0021.png 2048w\" sizes=\"auto, (max-width: 429px) 100vw, 429px\" \/>Diese Notiz kann mit Hilfe des Plus an das Board geheftet werden. Mit dem Pfeil zur\u00fcck ist das ganze Board dann ersichtlich. Hier kann durch Ber\u00fchrung des Bildschirms die Notiz an den gew\u00fcnschten Ort geschoben werden.<\/p>\n<h2>Teilen kann so einfach sein<\/h2>\n<p><img loading=\"lazy\" decoding=\"async\" class=\" wp-image-3351 aligncenter\" src=\"http:\/\/www.medienfundgrube.at\/wp-content\/uploads\/2018\/05\/Post-It-Plus-Share-268x300.jpg\" alt=\"\" width=\"360\" height=\"403\" srcset=\"https:\/\/www.medienfundgrube.at\/wp-content\/uploads\/2018\/05\/Post-It-Plus-Share-268x300.jpg 268w, https:\/\/www.medienfundgrube.at\/wp-content\/uploads\/2018\/05\/Post-It-Plus-Share-768x859.jpg 768w, https:\/\/www.medienfundgrube.at\/wp-content\/uploads\/2018\/05\/Post-It-Plus-Share-915x1024.jpg 915w, https:\/\/www.medienfundgrube.at\/wp-content\/uploads\/2018\/05\/Post-It-Plus-Share.jpg 1126w\" sizes=\"auto, (max-width: 360px) 100vw, 360px\" \/><\/p>\n<p>Sie m\u00f6chten Ihre Notizen weitergeben oder absichern? Kein Problem! Mit Hilfe des Exportes k\u00f6nnen Sie die Notizen in unterschiedlichen Dateiformaten versenden. Dadurch k\u00f6nnen auch im Team To-Do\u00b4s geteilt und archiviert werden.<\/p>\n<p>Diese App eigenet sich hervorragend um Ideen zu notieren und anzuordnen. Beim Planen eines Projektes, bei der Ideenfindung f\u00fcr das n\u00e4chste Schulfest oder bei einer Gruppenarbeit mit den Sch\u00fclerinnen und Sch\u00fclern-Klebezettel sind eine tolle und praktische M\u00f6glichkeit!<\/p>\n<div class=\"message-box-wrapper yellow\">\n<p>[message_box title=&#8220;\u00dcBERSICHT&#8220; color=&#8220;yellow&#8220;]<\/p>\n<div class=\"message-box-content\">WEBSITE: <a href=\"https:\/\/www.post-it.com\/3M\/en_US\/post-it\/ideas\/plus-app\/\">Post-It Plus<\/a><\/div>\n<div><\/div>\n<p><a href=\"https:\/\/itunes.apple.com\/us\/app\/post-it-plus\/id920127738?ls=1&amp;mt=8\" target=\"_blank\" rel=\"noopener\">&gt;App f\u00fcr iOS<\/a><\/p>\n<p><strong>+\u00a0<\/strong>Erkennung von selbst geschriebenen Notizzetteln<br \/>\n<strong>+<\/strong> Es besteht die M\u00f6glichkeit, die Zettel neu einzuf\u00e4rben und in Gruppen anzuordnen<br \/>\n<strong>+<\/strong> fertig angeordneten Post-Its k\u00f6nnen z.B. im PDF-, PPT-, oder Excel-Format exportiert und mit anderen geteilt werden<\/p>\n<p><strong>\u2013<\/strong> leider nur f\u00fcr iOS Ger\u00e4te verf\u00fcgbar<\/p>\n<p>[\/message_box]<\/p>\n<\/div>\n","protected":false},"excerpt":{"rendered":"<p>Wer kennt das nicht? Haufenweise To Do\u00b4s aber leider kein System dahinter, um diese schnell abzuarbeiten. Mit Post-It Plus holen Sie sich Ihre Klebezettel ins I-Pad oder auf Ihr Smartphone.<\/p>\n","protected":false},"author":9,"featured_media":3327,"comment_status":"open","ping_status":"open","sticky":false,"template":"","format":"standard","meta":{"footnotes":""},"categories":[1,86,4,104],"tags":[111,110,109],"class_list":["post-3325","post","type-post","status-publish","format-standard","has-post-thumbnail","hentry","category-allgemein","category-app","category-interaktiv","category-klassen-schulmanagement","tag-kategorisierung","tag-kollaboration","tag-organisation"],"yoast_head":"<!-- This site is optimized with the Yoast SEO plugin v26.9 - https:\/\/yoast.com\/product\/yoast-seo-wordpress\/ -->\n<title>Verzettelt?!-Post-it Plus hilft dir weiter! - Medienfundgrube<\/title>\n<meta name=\"robots\" content=\"index, follow, max-snippet:-1, max-image-preview:large, max-video-preview:-1\" \/>\n<link rel=\"canonical\" href=\"https:\/\/www.medienfundgrube.at\/?p=3325\" \/>\n<meta property=\"og:locale\" content=\"de_DE\" \/>\n<meta property=\"og:type\" content=\"article\" \/>\n<meta property=\"og:title\" content=\"Verzettelt?!-Post-it Plus hilft dir weiter! - Medienfundgrube\" \/>\n<meta property=\"og:description\" content=\"Wer kennt das nicht? Haufenweise To Do\u00b4s aber leider kein System dahinter, um diese schnell abzuarbeiten. Mit Post-It Plus holen Sie sich Ihre Klebezettel ins I-Pad oder auf Ihr Smartphone.\" \/>\n<meta property=\"og:url\" content=\"https:\/\/www.medienfundgrube.at\/?p=3325\" \/>\n<meta property=\"og:site_name\" content=\"Medienfundgrube\" \/>\n<meta property=\"article:published_time\" content=\"2018-06-25T07:23:55+00:00\" \/>\n<meta property=\"article:modified_time\" content=\"2018-09-14T11:37:16+00:00\" \/>\n<meta property=\"og:image\" content=\"https:\/\/www.medienfundgrube.at\/wp-content\/uploads\/2018\/05\/Post-It.jpg\" \/>\n\t<meta property=\"og:image:width\" content=\"379\" \/>\n\t<meta property=\"og:image:height\" content=\"256\" \/>\n\t<meta property=\"og:image:type\" content=\"image\/jpeg\" \/>\n<meta name=\"author\" content=\"Tamara Solnitzky\" \/>\n<meta name=\"twitter:card\" content=\"summary_large_image\" \/>\n<meta name=\"twitter:label1\" content=\"Verfasst von\" \/>\n\t<meta name=\"twitter:data1\" content=\"Tamara Solnitzky\" \/>\n\t<meta name=\"twitter:label2\" content=\"Gesch\u00e4tzte Lesezeit\" \/>\n\t<meta name=\"twitter:data2\" content=\"2\u00a0Minuten\" \/>\n<script type=\"application\/ld+json\" class=\"yoast-schema-graph\">{\"@context\":\"https:\/\/schema.org\",\"@graph\":[{\"@type\":\"Article\",\"@id\":\"https:\/\/www.medienfundgrube.at\/?p=3325#article\",\"isPartOf\":{\"@id\":\"https:\/\/www.medienfundgrube.at\/?p=3325\"},\"author\":{\"name\":\"Tamara Solnitzky\",\"@id\":\"https:\/\/www.medienfundgrube.at\/#\/schema\/person\/8b4a8319dbee1fb4f9e5052ca34c494c\"},\"headline\":\"Verzettelt?!-Post-it Plus hilft dir weiter!\",\"datePublished\":\"2018-06-25T07:23:55+00:00\",\"dateModified\":\"2018-09-14T11:37:16+00:00\",\"mainEntityOfPage\":{\"@id\":\"https:\/\/www.medienfundgrube.at\/?p=3325\"},\"wordCount\":350,\"commentCount\":0,\"publisher\":{\"@id\":\"https:\/\/www.medienfundgrube.at\/#organization\"},\"image\":{\"@id\":\"https:\/\/www.medienfundgrube.at\/?p=3325#primaryimage\"},\"thumbnailUrl\":\"https:\/\/www.medienfundgrube.at\/wp-content\/uploads\/2018\/05\/Post-It.jpg\",\"keywords\":[\"Kategorisierung\",\"Kollaboration\",\"Organisation\"],\"articleSection\":{\"1\":\"App\",\"2\":\"Interaktiv\",\"3\":\"Klassen-\/Schulmanagement\"},\"inLanguage\":\"de\",\"potentialAction\":[{\"@type\":\"CommentAction\",\"name\":\"Comment\",\"target\":[\"https:\/\/www.medienfundgrube.at\/?p=3325#respond\"]}]},{\"@type\":\"WebPage\",\"@id\":\"https:\/\/www.medienfundgrube.at\/?p=3325\",\"url\":\"https:\/\/www.medienfundgrube.at\/?p=3325\",\"name\":\"Verzettelt?!-Post-it Plus hilft dir weiter! - Medienfundgrube\",\"isPartOf\":{\"@id\":\"https:\/\/www.medienfundgrube.at\/#website\"},\"primaryImageOfPage\":{\"@id\":\"https:\/\/www.medienfundgrube.at\/?p=3325#primaryimage\"},\"image\":{\"@id\":\"https:\/\/www.medienfundgrube.at\/?p=3325#primaryimage\"},\"thumbnailUrl\":\"https:\/\/www.medienfundgrube.at\/wp-content\/uploads\/2018\/05\/Post-It.jpg\",\"datePublished\":\"2018-06-25T07:23:55+00:00\",\"dateModified\":\"2018-09-14T11:37:16+00:00\",\"breadcrumb\":{\"@id\":\"https:\/\/www.medienfundgrube.at\/?p=3325#breadcrumb\"},\"inLanguage\":\"de\",\"potentialAction\":[{\"@type\":\"ReadAction\",\"target\":[\"https:\/\/www.medienfundgrube.at\/?p=3325\"]}]},{\"@type\":\"ImageObject\",\"inLanguage\":\"de\",\"@id\":\"https:\/\/www.medienfundgrube.at\/?p=3325#primaryimage\",\"url\":\"https:\/\/www.medienfundgrube.at\/wp-content\/uploads\/2018\/05\/Post-It.jpg\",\"contentUrl\":\"https:\/\/www.medienfundgrube.at\/wp-content\/uploads\/2018\/05\/Post-It.jpg\",\"width\":379,\"height\":256},{\"@type\":\"BreadcrumbList\",\"@id\":\"https:\/\/www.medienfundgrube.at\/?p=3325#breadcrumb\",\"itemListElement\":[{\"@type\":\"ListItem\",\"position\":1,\"name\":\"Startseite\",\"item\":\"https:\/\/www.medienfundgrube.at\/\"},{\"@type\":\"ListItem\",\"position\":2,\"name\":\"Verzettelt?!-Post-it Plus hilft dir weiter!\"}]},{\"@type\":\"WebSite\",\"@id\":\"https:\/\/www.medienfundgrube.at\/#website\",\"url\":\"https:\/\/www.medienfundgrube.at\/\",\"name\":\"Medienfundgrube\",\"description\":\"Webtools und Linktipps - nicht nur f\u00fcr Lehrer*innen\",\"publisher\":{\"@id\":\"https:\/\/www.medienfundgrube.at\/#organization\"},\"potentialAction\":[{\"@type\":\"SearchAction\",\"target\":{\"@type\":\"EntryPoint\",\"urlTemplate\":\"https:\/\/www.medienfundgrube.at\/?s={search_term_string}\"},\"query-input\":{\"@type\":\"PropertyValueSpecification\",\"valueRequired\":true,\"valueName\":\"search_term_string\"}}],\"inLanguage\":\"de\"},{\"@type\":\"Organization\",\"@id\":\"https:\/\/www.medienfundgrube.at\/#organization\",\"name\":\"Medienfundgrube\",\"url\":\"https:\/\/www.medienfundgrube.at\/\",\"logo\":{\"@type\":\"ImageObject\",\"inLanguage\":\"de\",\"@id\":\"https:\/\/www.medienfundgrube.at\/#\/schema\/logo\/image\/\",\"url\":\"https:\/\/www.medienfundgrube.at\/wp-content\/uploads\/2019\/10\/mefugr-farbe11-1.jpg\",\"contentUrl\":\"https:\/\/www.medienfundgrube.at\/wp-content\/uploads\/2019\/10\/mefugr-farbe11-1.jpg\",\"width\":200,\"height\":200,\"caption\":\"Medienfundgrube\"},\"image\":{\"@id\":\"https:\/\/www.medienfundgrube.at\/#\/schema\/logo\/image\/\"}},{\"@type\":\"Person\",\"@id\":\"https:\/\/www.medienfundgrube.at\/#\/schema\/person\/8b4a8319dbee1fb4f9e5052ca34c494c\",\"name\":\"Tamara Solnitzky\",\"image\":{\"@type\":\"ImageObject\",\"inLanguage\":\"de\",\"@id\":\"https:\/\/www.medienfundgrube.at\/#\/schema\/person\/image\/\",\"url\":\"https:\/\/secure.gravatar.com\/avatar\/9efdef9bdd9f47e0abbdc30f5aa6667d2ccde1d8b5de0e75c7599c7f92c83de9?s=96&d=mm&r=g\",\"contentUrl\":\"https:\/\/secure.gravatar.com\/avatar\/9efdef9bdd9f47e0abbdc30f5aa6667d2ccde1d8b5de0e75c7599c7f92c83de9?s=96&d=mm&r=g\",\"caption\":\"Tamara Solnitzky\"},\"description\":\"Tamara Solnitzky ist Klassenlehrerin einer Ganztagesklasse in Nieder\u00f6sterreich. Sie setzt digitale Medien gerne in ihrem Unterricht ein und bereitet die Kinder auf eine digitale Zukunft vor.\",\"url\":\"https:\/\/www.medienfundgrube.at\/?author=9\"}]}<\/script>\n<!-- \/ Yoast SEO plugin. -->","yoast_head_json":{"title":"Verzettelt?!-Post-it Plus hilft dir weiter! - Medienfundgrube","robots":{"index":"index","follow":"follow","max-snippet":"max-snippet:-1","max-image-preview":"max-image-preview:large","max-video-preview":"max-video-preview:-1"},"canonical":"https:\/\/www.medienfundgrube.at\/?p=3325","og_locale":"de_DE","og_type":"article","og_title":"Verzettelt?!-Post-it Plus hilft dir weiter! - Medienfundgrube","og_description":"Wer kennt das nicht? Haufenweise To Do\u00b4s aber leider kein System dahinter, um diese schnell abzuarbeiten. Mit Post-It Plus holen Sie sich Ihre Klebezettel ins I-Pad oder auf Ihr Smartphone.","og_url":"https:\/\/www.medienfundgrube.at\/?p=3325","og_site_name":"Medienfundgrube","article_published_time":"2018-06-25T07:23:55+00:00","article_modified_time":"2018-09-14T11:37:16+00:00","og_image":[{"width":379,"height":256,"url":"https:\/\/www.medienfundgrube.at\/wp-content\/uploads\/2018\/05\/Post-It.jpg","type":"image\/jpeg"}],"author":"Tamara Solnitzky","twitter_card":"summary_large_image","twitter_misc":{"Verfasst von":"Tamara Solnitzky","Gesch\u00e4tzte Lesezeit":"2\u00a0Minuten"},"schema":{"@context":"https:\/\/schema.org","@graph":[{"@type":"Article","@id":"https:\/\/www.medienfundgrube.at\/?p=3325#article","isPartOf":{"@id":"https:\/\/www.medienfundgrube.at\/?p=3325"},"author":{"name":"Tamara Solnitzky","@id":"https:\/\/www.medienfundgrube.at\/#\/schema\/person\/8b4a8319dbee1fb4f9e5052ca34c494c"},"headline":"Verzettelt?!-Post-it Plus hilft dir weiter!","datePublished":"2018-06-25T07:23:55+00:00","dateModified":"2018-09-14T11:37:16+00:00","mainEntityOfPage":{"@id":"https:\/\/www.medienfundgrube.at\/?p=3325"},"wordCount":350,"commentCount":0,"publisher":{"@id":"https:\/\/www.medienfundgrube.at\/#organization"},"image":{"@id":"https:\/\/www.medienfundgrube.at\/?p=3325#primaryimage"},"thumbnailUrl":"https:\/\/www.medienfundgrube.at\/wp-content\/uploads\/2018\/05\/Post-It.jpg","keywords":["Kategorisierung","Kollaboration","Organisation"],"articleSection":{"1":"App","2":"Interaktiv","3":"Klassen-\/Schulmanagement"},"inLanguage":"de","potentialAction":[{"@type":"CommentAction","name":"Comment","target":["https:\/\/www.medienfundgrube.at\/?p=3325#respond"]}]},{"@type":"WebPage","@id":"https:\/\/www.medienfundgrube.at\/?p=3325","url":"https:\/\/www.medienfundgrube.at\/?p=3325","name":"Verzettelt?!-Post-it Plus hilft dir weiter! - Medienfundgrube","isPartOf":{"@id":"https:\/\/www.medienfundgrube.at\/#website"},"primaryImageOfPage":{"@id":"https:\/\/www.medienfundgrube.at\/?p=3325#primaryimage"},"image":{"@id":"https:\/\/www.medienfundgrube.at\/?p=3325#primaryimage"},"thumbnailUrl":"https:\/\/www.medienfundgrube.at\/wp-content\/uploads\/2018\/05\/Post-It.jpg","datePublished":"2018-06-25T07:23:55+00:00","dateModified":"2018-09-14T11:37:16+00:00","breadcrumb":{"@id":"https:\/\/www.medienfundgrube.at\/?p=3325#breadcrumb"},"inLanguage":"de","potentialAction":[{"@type":"ReadAction","target":["https:\/\/www.medienfundgrube.at\/?p=3325"]}]},{"@type":"ImageObject","inLanguage":"de","@id":"https:\/\/www.medienfundgrube.at\/?p=3325#primaryimage","url":"https:\/\/www.medienfundgrube.at\/wp-content\/uploads\/2018\/05\/Post-It.jpg","contentUrl":"https:\/\/www.medienfundgrube.at\/wp-content\/uploads\/2018\/05\/Post-It.jpg","width":379,"height":256},{"@type":"BreadcrumbList","@id":"https:\/\/www.medienfundgrube.at\/?p=3325#breadcrumb","itemListElement":[{"@type":"ListItem","position":1,"name":"Startseite","item":"https:\/\/www.medienfundgrube.at\/"},{"@type":"ListItem","position":2,"name":"Verzettelt?!-Post-it Plus hilft dir weiter!"}]},{"@type":"WebSite","@id":"https:\/\/www.medienfundgrube.at\/#website","url":"https:\/\/www.medienfundgrube.at\/","name":"Medienfundgrube","description":"Webtools und Linktipps - nicht nur f\u00fcr Lehrer*innen","publisher":{"@id":"https:\/\/www.medienfundgrube.at\/#organization"},"potentialAction":[{"@type":"SearchAction","target":{"@type":"EntryPoint","urlTemplate":"https:\/\/www.medienfundgrube.at\/?s={search_term_string}"},"query-input":{"@type":"PropertyValueSpecification","valueRequired":true,"valueName":"search_term_string"}}],"inLanguage":"de"},{"@type":"Organization","@id":"https:\/\/www.medienfundgrube.at\/#organization","name":"Medienfundgrube","url":"https:\/\/www.medienfundgrube.at\/","logo":{"@type":"ImageObject","inLanguage":"de","@id":"https:\/\/www.medienfundgrube.at\/#\/schema\/logo\/image\/","url":"https:\/\/www.medienfundgrube.at\/wp-content\/uploads\/2019\/10\/mefugr-farbe11-1.jpg","contentUrl":"https:\/\/www.medienfundgrube.at\/wp-content\/uploads\/2019\/10\/mefugr-farbe11-1.jpg","width":200,"height":200,"caption":"Medienfundgrube"},"image":{"@id":"https:\/\/www.medienfundgrube.at\/#\/schema\/logo\/image\/"}},{"@type":"Person","@id":"https:\/\/www.medienfundgrube.at\/#\/schema\/person\/8b4a8319dbee1fb4f9e5052ca34c494c","name":"Tamara Solnitzky","image":{"@type":"ImageObject","inLanguage":"de","@id":"https:\/\/www.medienfundgrube.at\/#\/schema\/person\/image\/","url":"https:\/\/secure.gravatar.com\/avatar\/9efdef9bdd9f47e0abbdc30f5aa6667d2ccde1d8b5de0e75c7599c7f92c83de9?s=96&d=mm&r=g","contentUrl":"https:\/\/secure.gravatar.com\/avatar\/9efdef9bdd9f47e0abbdc30f5aa6667d2ccde1d8b5de0e75c7599c7f92c83de9?s=96&d=mm&r=g","caption":"Tamara Solnitzky"},"description":"Tamara Solnitzky ist Klassenlehrerin einer Ganztagesklasse in Nieder\u00f6sterreich. Sie setzt digitale Medien gerne in ihrem Unterricht ein und bereitet die Kinder auf eine digitale Zukunft vor.","url":"https:\/\/www.medienfundgrube.at\/?author=9"}]}},"_links":{"self":[{"href":"https:\/\/www.medienfundgrube.at\/index.php?rest_route=\/wp\/v2\/posts\/3325","targetHints":{"allow":["GET"]}}],"collection":[{"href":"https:\/\/www.medienfundgrube.at\/index.php?rest_route=\/wp\/v2\/posts"}],"about":[{"href":"https:\/\/www.medienfundgrube.at\/index.php?rest_route=\/wp\/v2\/types\/post"}],"author":[{"embeddable":true,"href":"https:\/\/www.medienfundgrube.at\/index.php?rest_route=\/wp\/v2\/users\/9"}],"replies":[{"embeddable":true,"href":"https:\/\/www.medienfundgrube.at\/index.php?rest_route=%2Fwp%2Fv2%2Fcomments&post=3325"}],"version-history":[{"count":12,"href":"https:\/\/www.medienfundgrube.at\/index.php?rest_route=\/wp\/v2\/posts\/3325\/revisions"}],"predecessor-version":[{"id":3364,"href":"https:\/\/www.medienfundgrube.at\/index.php?rest_route=\/wp\/v2\/posts\/3325\/revisions\/3364"}],"wp:featuredmedia":[{"embeddable":true,"href":"https:\/\/www.medienfundgrube.at\/index.php?rest_route=\/wp\/v2\/media\/3327"}],"wp:attachment":[{"href":"https:\/\/www.medienfundgrube.at\/index.php?rest_route=%2Fwp%2Fv2%2Fmedia&parent=3325"}],"wp:term":[{"taxonomy":"category","embeddable":true,"href":"https:\/\/www.medienfundgrube.at\/index.php?rest_route=%2Fwp%2Fv2%2Fcategories&post=3325"},{"taxonomy":"post_tag","embeddable":true,"href":"https:\/\/www.medienfundgrube.at\/index.php?rest_route=%2Fwp%2Fv2%2Ftags&post=3325"}],"curies":[{"name":"wp","href":"https:\/\/api.w.org\/{rel}","templated":true}]}}